{"id":990,"date":"2017-09-03T18:41:59","date_gmt":"2017-09-03T18:41:59","guid":{"rendered":"http:\/\/kor.hi.is\/?p=990"},"modified":"2018-07-17T18:58:22","modified_gmt":"2018-07-17T18:58:22","slug":"4-sep","status":"publish","type":"post","link":"https:\/\/kor.hi.is\/?p=990","title":{"rendered":"Ny \u00f6nn og New Beginings!"},"content":{"rendered":"<p>LOKSINS er \u00f6nnin a\u00f0 byrjar aftur og \u00fear aflei\u00f0andi k\u00f3rinn a\u00f0 hefja starfsemi s\u00edna aftur! \u00deetta er b\u00fai\u00f0 a\u00f0 vera langt og k\u00f3rlaust sumar svo \u00fea\u00f0 ver\u00f0ur aldeilis gle\u00f0i a\u00f0 sameinast aftur \u00e1 fyrstu \u00e6fingu k\u00f3rsins eftir nokkra daga!<\/p>\n<p>\u00c1hugasamir geta k\u00edkt til okkar \u00ed innt\u00f6kuprufu sem ver\u00f0a haldnar \u00ed n\u00e6stu viku \ud83d\ude09 H\u00e1sk\u00f3lak\u00f3rinn b\u00fd\u00f0ur upp \u00e1 skemmtilegt hobb\u00ed og svolei\u00f0is \u00f6flugt f\u00e9lagsl\u00edf svo ekki l\u00e1ta \u00feig vanta!&nbsp;<\/p>\n<p>Starfs\u00e1r k\u00f3rsins l\u00edtur einnig \u00fat fyrir a\u00f0 vera fj\u00e6r \u00fev\u00ed lei\u00f0inlegt. Hann Gunnsteinn lj\u00fafi k\u00f3rstj\u00f3rinn okkar er a\u00f0 fagna 10 \u00e1ra starfsafm\u00e6li sem k\u00f3rstj\u00f3ri H\u00e1sk\u00f3lak\u00f3rsins og ver\u00f0ur haldi\u00f0 upp\u00e1 \u00fea\u00f0 me\u00f0 \u00fev\u00ed a\u00f0&nbsp;<span style=\"font-size: 1rem;\">r\u00e1\u00f0ast \u00ed aldeilis metana\u00f0arfullt verkefni. Vi\u00f0 \u00e6tlum a\u00f0 flytja Dixit Dominus eftir G.F. H\u00e4ndel me\u00f0 eins\u00f6ngvurum og hlj\u00f3msveit. M\u00f6gulega \u00ed fyrsta sinn sem \u00feetta er flutt \u00e1 \u00edslandi (e\u00f0a svo segir Gunnsteinn). Algj\u00f6r veisla!<\/span><\/p>\n<h5 class=\"english-notific\">English<\/h5>\n<p>FINALLY a new semester of choir is starting! It&#8217;s going to be delightful to start singing again after a long and choirless summer!&nbsp;<\/p>\n<p>If you&#8217;re interested in joining us, we will be having auditions next week! The H\u00e1sk\u00f3lak\u00f3r offers a fun organized hobby alongsides your studies as well as a lively social life so be sure to be there \ud83d\ude09<\/p>\n<p>This year the choir will be celebrating Gunnsteinn&#8217;s 10th year as our choir conductor! In honor of this we will be tackling a difficult piece, Dixit Dominus by G.F. H\u00e4ndel with soloist and a band. This might very well be the first time this is performed in Iceland by and Icelandic choir! (Or so says Gunnsteinn). Delightful!<\/p>\n","protected":false},"excerpt":{"rendered":"<p>LOKSINS er \u00f6nnin a\u00f0 byrjar aftur og \u00fear aflei\u00f0andi k\u00f3rinn a\u00f0 hefja starfsemi s\u00edna aftur! \u00deetta er b\u00fai\u00f0 a\u00f0 vera langt og k\u00f3rlaust sumar svo \u00fea\u00f0 ver\u00f0ur aldeilis gle\u00f0i a\u00f0 sameinast aftur \u00e1 fyrstu \u00e6fingu k\u00f3rsins eftir nokkra daga! \u00c1hugasamir geta k\u00edkt til okkar \u00ed innt\u00f6kuprufu sem ver\u00f0a haldnar \u00ed n\u00e6stu viku \ud83d\ude09 H\u00e1sk\u00f3lak\u00f3rinn b\u00fd\u00f0ur &hellip; <\/p>\n<p class=\"link-more\"><a href=\"https:\/\/kor.hi.is\/?p=990\" class=\"more-link\">Lesa \u00e1fram<span class=\"screen-reader-text\"> &#8222;Ny \u00f6nn og New Beginings!&#8220;<\/span><\/a><\/p>\n","protected":false},"author":84,"featured_media":0,"comment_status":"open","ping_status":"closed","sticky":false,"template":"","format":"standard","meta":{"footnotes":""},"categories":[1],"tags":[],"class_list":["post-990","post","type-post","status-publish","format-standard","hentry","category-frettir"],"_links":{"self":[{"href":"https:\/\/kor.hi.is\/index.php?rest_route=\/wp\/v2\/posts\/990","targetHints":{"allow":["GET"]}}],"collection":[{"href":"https:\/\/kor.hi.is\/index.php?rest_route=\/wp\/v2\/posts"}],"about":[{"href":"https:\/\/kor.hi.is\/index.php?rest_route=\/wp\/v2\/types\/post"}],"author":[{"embeddable":true,"href":"https:\/\/kor.hi.is\/index.php?rest_route=\/wp\/v2\/users\/84"}],"replies":[{"embeddable":true,"href":"https:\/\/kor.hi.is\/index.php?rest_route=%2Fwp%2Fv2%2Fcomments&post=990"}],"version-history":[{"count":5,"href":"https:\/\/kor.hi.is\/index.php?rest_route=\/wp\/v2\/posts\/990\/revisions"}],"predecessor-version":[{"id":1045,"href":"https:\/\/kor.hi.is\/index.php?rest_route=\/wp\/v2\/posts\/990\/revisions\/1045"}],"wp:attachment":[{"href":"https:\/\/kor.hi.is\/index.php?rest_route=%2Fwp%2Fv2%2Fmedia&parent=990"}],"wp:term":[{"taxonomy":"category","embeddable":true,"href":"https:\/\/kor.hi.is\/index.php?rest_route=%2Fwp%2Fv2%2Fcategories&post=990"},{"taxonomy":"post_tag","embeddable":true,"href":"https:\/\/kor.hi.is\/index.php?rest_route=%2Fwp%2Fv2%2Ftags&post=990"}],"curies":[{"name":"wp","href":"https:\/\/api.w.org\/{rel}","templated":true}]}}