{"id":967,"date":"2017-11-10T19:26:15","date_gmt":"2017-11-10T19:26:15","guid":{"rendered":"http:\/\/kor.hi.is\/?p=967"},"modified":"2018-06-14T21:21:17","modified_gmt":"2018-06-14T21:21:17","slug":"hausttonleikar-can-we-handel-it","status":"publish","type":"post","link":"https:\/\/kor.hi.is\/?p=967","title":{"rendered":"Haustt\u00f3nleikar: Can we H\u00e4ndel it?"},"content":{"rendered":"<h5 class=\"english-notific\"><em>(English below)<\/em><\/h5>\n<p>\u00c1r\u00ed\u00f0andi tilkynning! Taki\u00f0 <strong>21. n\u00f3vember<\/strong> fr\u00e1! K\u00f3rinn er a\u00f0 fara a\u00f0 syngja!&nbsp;<\/p>\n<p>Sko\u00f0i\u00f0&nbsp;<a href=\"https:\/\/www.facebook.com\/events\/330951157372209\/\">facebook eventi\u00f0!<\/a><\/p>\n<p>\u00cd \u00e1r mun H\u00e1sk\u00f3lak\u00f3rinn taka a\u00f0 s\u00e9r hi\u00f0 menta\u00f0arfulla verk&nbsp;Dixit Dominus eftir G. F. H\u00e4ndel. Okkur er sagt a\u00f0 \u00feetta s\u00e9 m\u00f6gulega fyrsta skipti\u00f0 \u00ed \u00edslandss\u00f6gu a\u00f0 k\u00f3r taki \u00feetta a\u00f0 s\u00e9r.&nbsp; \u00deetta verk ver\u00f0ur flutt \u00e1samt eins\u00f6ngvurunum&nbsp; og hinni skemmtilegri barokksveit Dixit. \u00deess m\u00e1 geta a\u00f0 nafni\u00f0 Dixit er teki\u00f0 beint \u00far nafni verksins; Dixit Dominus. Sveitin var nefnilega stofnu\u00f0 s\u00e9rstaklega fyrir \u00feessa t\u00f3nleika. Stj\u00f3rnandi er Gunnsteinn \u00d3lafsson sem kemur engum \u00e1 \u00f3vart. Magna\u00f0ur stj\u00f3rnandi \u00fear \u00e1 fer\u00f0.<\/p>\n<p><!--more--><\/p>\n<p>T\u00f3nleikarnir ver\u00f0a haldnir \u00ed Neskirkju \u00feri\u00f0judaginn 21. n\u00f3vember n\u00e6stkomandi klukkan 20.00.<\/p>\n<p><span style=\"font-size: 1rem;\">Almennt mi\u00f0aver\u00f0: 2500 kr<br \/>\n<\/span>B\u00f6rn, nemendur, aldra\u00f0ir og \u00f6ryrkjar: 1500 kr<br \/>\nFr\u00edtt fyrir b\u00f6rn yngri en 12 \u00e1ra<\/p>\n<p>Eins\u00f6ngvarar eru Fj\u00f3la Krist\u00edn Nikul\u00e1sd\u00f3ttir s\u00f3pran, Hei\u00f0d\u00eds Hanna Sigur\u00f0ard\u00f3ttir s\u00f3pran, Hildigunnur Einarsd\u00f3ttir alt, \u00deorsteinn Freyr Sigur\u00f0sson ten\u00f3r og Bragi J\u00f3nsson bassi<\/p>\n<p>H\u00e6gt er a\u00f0 kaupa mi\u00f0a me\u00f0 \u00fev\u00ed a\u00f0 senda skilabo\u00f0 \u00ed gegnum like s\u00ed\u00f0u H\u00e1sk\u00f3lak\u00f3rsins, me\u00f0 \u00fev\u00ed a\u00f0 senda t\u00f6lvup\u00f3st \u00e1 netfangi\u00f0 kor@hi.is e\u00f0a \u00ed gegnum k\u00f3rme\u00f0limi. Einnig ver\u00f0a mi\u00f0ar seldir vi\u00f0 innganginn fyrir t\u00f3nleika.<\/p>\n<p>Sj\u00e1umst \u00fear!<\/p>\n<hr>\n<p>Save the date! The H\u00e1skolak\u00f3r is having a concert on the <strong>21. november<\/strong>!<\/p>\n<p>Check out the&nbsp;<a href=\"https:\/\/www.facebook.com\/events\/330951157372209\/\">facebook event!<\/a><\/p>\n<p>This year the choir is quite ambitious with their choice! We will be tackling Dixit Dominus by G.F. H\u00e4ndel along with solo singers and the baroque ensemble Dixit. We can&#8217;t wait!<\/p>\n<p><span style=\"font-size: 1rem;\">The concert will be held at Neskirkja on 21st of November at 8 PM.<\/span><\/p>\n<p>General admission: 2500 ISK<br \/>\nAdmission for students, children and the elderly: 1500 ISK<br \/>\nFree admission for children under 12 years old<\/p>\n<p>To buy tickets you can send a message through the choir&#8217;s like page, by sending an e-mail to kor@hi.is or through a member of the choir. Tickets will also be for sale by the entrance before the concert.<\/p>\n<p>See you there!<\/p>\n","protected":false},"excerpt":{"rendered":"<p>(English below) \u00c1r\u00ed\u00f0andi tilkynning! Taki\u00f0 21. n\u00f3vember fr\u00e1! K\u00f3rinn er a\u00f0 fara a\u00f0 syngja!&nbsp; Sko\u00f0i\u00f0&nbsp;facebook eventi\u00f0! \u00cd \u00e1r mun H\u00e1sk\u00f3lak\u00f3rinn taka a\u00f0 s\u00e9r hi\u00f0 menta\u00f0arfulla verk&nbsp;Dixit Dominus eftir G. F. H\u00e4ndel. Okkur er sagt a\u00f0 \u00feetta s\u00e9 m\u00f6gulega fyrsta skipti\u00f0 \u00ed \u00edslandss\u00f6gu a\u00f0 k\u00f3r taki \u00feetta a\u00f0 s\u00e9r.&nbsp; \u00deetta verk ver\u00f0ur flutt \u00e1samt eins\u00f6ngvurunum&nbsp; og &hellip; <\/p>\n<p class=\"link-more\"><a href=\"https:\/\/kor.hi.is\/?p=967\" class=\"more-link\">Lesa \u00e1fram<span class=\"screen-reader-text\"> &#8222;Haustt\u00f3nleikar: Can we H\u00e4ndel it?&#8220;<\/span><\/a><\/p>\n","protected":false},"author":84,"featured_media":0,"comment_status":"open","ping_status":"closed","sticky":false,"template":"","format":"standard","meta":{"footnotes":""},"categories":[1],"tags":[],"class_list":["post-967","post","type-post","status-publish","format-standard","hentry","category-frettir"],"_links":{"self":[{"href":"https:\/\/kor.hi.is\/index.php?rest_route=\/wp\/v2\/posts\/967","targetHints":{"allow":["GET"]}}],"collection":[{"href":"https:\/\/kor.hi.is\/index.php?rest_route=\/wp\/v2\/posts"}],"about":[{"href":"https:\/\/kor.hi.is\/index.php?rest_route=\/wp\/v2\/types\/post"}],"author":[{"embeddable":true,"href":"https:\/\/kor.hi.is\/index.php?rest_route=\/wp\/v2\/users\/84"}],"replies":[{"embeddable":true,"href":"https:\/\/kor.hi.is\/index.php?rest_route=%2Fwp%2Fv2%2Fcomments&post=967"}],"version-history":[{"count":13,"href":"https:\/\/kor.hi.is\/index.php?rest_route=\/wp\/v2\/posts\/967\/revisions"}],"predecessor-version":[{"id":1033,"href":"https:\/\/kor.hi.is\/index.php?rest_route=\/wp\/v2\/posts\/967\/revisions\/1033"}],"wp:attachment":[{"href":"https:\/\/kor.hi.is\/index.php?rest_route=%2Fwp%2Fv2%2Fmedia&parent=967"}],"wp:term":[{"taxonomy":"category","embeddable":true,"href":"https:\/\/kor.hi.is\/index.php?rest_route=%2Fwp%2Fv2%2Fcategories&post=967"},{"taxonomy":"post_tag","embeddable":true,"href":"https:\/\/kor.hi.is\/index.php?rest_route=%2Fwp%2Fv2%2Ftags&post=967"}],"curies":[{"name":"wp","href":"https:\/\/api.w.org\/{rel}","templated":true}]}}