{"id":961,"date":"2017-10-20T19:42:20","date_gmt":"2017-10-20T19:42:20","guid":{"rendered":"http:\/\/kor.hi.is\/?p=961"},"modified":"2018-06-14T20:27:07","modified_gmt":"2018-06-14T20:27:07","slug":"heil-helgi-korud","status":"publish","type":"post","link":"https:\/\/kor.hi.is\/?p=961","title":{"rendered":"Heil helgi k\u00f3ru\u00f0 &#8211; A Weekend of Choir"},"content":{"rendered":"<p>F\u00f6studaginn s\u00ed\u00f0astli\u00f0inn h\u00e9lt k\u00f3rinn \u00e1 sva\u00f0ilf\u00f6r \u00ed Reykholtsdal fyrir hina \u00e1rlegu haust-k\u00f3rb\u00fa\u00f0ir. \u00cd \u00feetta sinn voru b\u00fa\u00f0irnar haldnar \u00ed f\u00e9lagsheimilinu Logaland:<br \/>\n<code><br \/>\n<img loading=\"lazy\" decoding=\"async\" class=\"aligncenter\" style=\"border: 1px solid #000;\" src=\"https:\/\/borgarbyggd.is\/wp-content\/uploads\/2016\/03\/Mynd_0791468.jpg\" alt=\"\" width=\"410\" height=\"167\"><\/code><br \/>\n&nbsp;<!--more--><br \/>\nF\u00e9kk sta\u00f0urinn g\u00f3\u00f0ar 7,75 \u00ed einkunn fyrir a\u00f0st\u00e6\u00f0ur og sta\u00f0setningu af \u00e1n\u00e6g\u00f0um k\u00f3rme\u00f0limum sem skemmtu s\u00e9r konunglega \u00feessa helgi.&nbsp;<\/p>\n<p>Fer\u00f0inni var n\u00fdtt \u00ed a\u00f0 \u00e6fa n\u00fdtt verk, Dixit Dominus eftir G.F. H\u00e4ndel (sem H\u00e1sk\u00f3lak\u00f3rinn mun flytja \u00e1 s\u00e9rst\u00f6kum haustt\u00f3nleikum) \u00e1samt \u00fdmsum \u00f6\u00f0rum verkum.<br \/>\nEinnig var hrisst upp \u00ed h\u00f3pnum, n\u00fdjum k\u00f3rme\u00f0limum kynnt almennilega fyrir g\u00f6mlum k\u00f3rme\u00f0limum og vice versa.&nbsp;<\/p>\n<p>Einn h\u00e1punkturinn var \u00fe\u00f3 algj\u00f6rlega laugardags\u00e6fingin \u00ed Reykholtskirkju! S\u00f3knarpresturinn&nbsp;Geir Waage t\u00f3k vel \u00e1 m\u00f3ti okkur og fr\u00e6ddi okkur vel um \u00e6vis\u00f6gu Snorra Sturlusonar sem bj\u00f3 um t\u00ed\u00f0 \u00ed Reykholti.<br \/>\n\u00dei\u00f0 geti\u00f0 fr\u00e6tt ykkur um Snorra og Reykholtskirkju&nbsp;<a href=\"http:\/\/www.snorrastofa.is\/\">h\u00e9r.<\/a><a href=\"https:\/\/kor.hi.is\/wp-content\/uploads\/2018\/06\/25734405_10215603760789846_6108838432929070797_o.jpg\"><img loading=\"lazy\" decoding=\"async\" class=\"wp-image-1011 size-large aligncenter\" style=\"border: 1px solid #000;\" src=\"https:\/\/kor.hi.is\/wp-content\/uploads\/2018\/06\/25734405_10215603760789846_6108838432929070797_o-1024x683.jpg\" alt=\"\" width=\"525\" height=\"350\" srcset=\"https:\/\/kor.hi.is\/wp-content\/uploads\/2018\/06\/25734405_10215603760789846_6108838432929070797_o-1024x683.jpg 1024w, https:\/\/kor.hi.is\/wp-content\/uploads\/2018\/06\/25734405_10215603760789846_6108838432929070797_o-300x200.jpg 300w, https:\/\/kor.hi.is\/wp-content\/uploads\/2018\/06\/25734405_10215603760789846_6108838432929070797_o-768x512.jpg 768w, https:\/\/kor.hi.is\/wp-content\/uploads\/2018\/06\/25734405_10215603760789846_6108838432929070797_o.jpg 1500w\" sizes=\"auto, (max-width: 525px) 100vw, 525px\" \/><\/a>Mynd af \u00e6fingu<\/p>\n<h5 style=\"color: #000;\">ENGLISH<\/h5>\n<p>&nbsp;Last Friday The Haskolakor went on an epic journey to Reykholtsdal for the annual autumn Choir camp! This time the camp was held in the Logaland Community Centre. Happy choir-campers gave the Centre a solid 8 out of 10 for good location and facilities. (See picture above).<\/p>\n<p>The camp was spent practicing Dixit Dominus by G.F. H\u00e4ndel as well as to bring the new and old choir-members closer together.&nbsp;<\/p>\n<p>A highlight from the trip was definitely the Saturday practice in Reykholts-church. The priest himself, Geir Waage, was even so kind to educate us thoroughly on Snorri Sturluson and his affiliation with the church.&nbsp;<br \/>\nIf you&#8217;re curious, you can read more about that <a href=\"http:\/\/www.snorrastofa.is\/en\/\">here<\/a>.&nbsp;<\/p>\n<p><a href=\"https:\/\/kor.hi.is\/wp-content\/uploads\/2017\/10\/26025889_10215608914638689_6459235896360504375_o.jpg\"><img loading=\"lazy\" decoding=\"async\" class=\"aligncenter wp-image-1014 size-large\" style=\"border: 1px solid #000;\" src=\"https:\/\/kor.hi.is\/wp-content\/uploads\/2017\/10\/26025889_10215608914638689_6459235896360504375_o-1024x683.jpg\" alt=\"\" width=\"525\" height=\"350\" srcset=\"https:\/\/kor.hi.is\/wp-content\/uploads\/2017\/10\/26025889_10215608914638689_6459235896360504375_o-1024x683.jpg 1024w, https:\/\/kor.hi.is\/wp-content\/uploads\/2017\/10\/26025889_10215608914638689_6459235896360504375_o-300x200.jpg 300w, https:\/\/kor.hi.is\/wp-content\/uploads\/2017\/10\/26025889_10215608914638689_6459235896360504375_o-768x512.jpg 768w, https:\/\/kor.hi.is\/wp-content\/uploads\/2017\/10\/26025889_10215608914638689_6459235896360504375_o.jpg 1500w\" sizes=\"auto, (max-width: 525px) 100vw, 525px\" \/><\/a><\/p>\n","protected":false},"excerpt":{"rendered":"<p>F\u00f6studaginn s\u00ed\u00f0astli\u00f0inn h\u00e9lt k\u00f3rinn \u00e1 sva\u00f0ilf\u00f6r \u00ed Reykholtsdal fyrir hina \u00e1rlegu haust-k\u00f3rb\u00fa\u00f0ir. \u00cd \u00feetta sinn voru b\u00fa\u00f0irnar haldnar \u00ed f\u00e9lagsheimilinu Logaland: &nbsp;<\/p>\n","protected":false},"author":84,"featured_media":0,"comment_status":"open","ping_status":"closed","sticky":false,"template":"","format":"standard","meta":{"footnotes":""},"categories":[1],"tags":[],"class_list":["post-961","post","type-post","status-publish","format-standard","hentry","category-frettir"],"_links":{"self":[{"href":"https:\/\/kor.hi.is\/index.php?rest_route=\/wp\/v2\/posts\/961","targetHints":{"allow":["GET"]}}],"collection":[{"href":"https:\/\/kor.hi.is\/index.php?rest_route=\/wp\/v2\/posts"}],"about":[{"href":"https:\/\/kor.hi.is\/index.php?rest_route=\/wp\/v2\/types\/post"}],"author":[{"embeddable":true,"href":"https:\/\/kor.hi.is\/index.php?rest_route=\/wp\/v2\/users\/84"}],"replies":[{"embeddable":true,"href":"https:\/\/kor.hi.is\/index.php?rest_route=%2Fwp%2Fv2%2Fcomments&post=961"}],"version-history":[{"count":4,"href":"https:\/\/kor.hi.is\/index.php?rest_route=\/wp\/v2\/posts\/961\/revisions"}],"predecessor-version":[{"id":1015,"href":"https:\/\/kor.hi.is\/index.php?rest_route=\/wp\/v2\/posts\/961\/revisions\/1015"}],"wp:attachment":[{"href":"https:\/\/kor.hi.is\/index.php?rest_route=%2Fwp%2Fv2%2Fmedia&parent=961"}],"wp:term":[{"taxonomy":"category","embeddable":true,"href":"https:\/\/kor.hi.is\/index.php?rest_route=%2Fwp%2Fv2%2Fcategories&post=961"},{"taxonomy":"post_tag","embeddable":true,"href":"https:\/\/kor.hi.is\/index.php?rest_route=%2Fwp%2Fv2%2Ftags&post=961"}],"curies":[{"name":"wp","href":"https:\/\/api.w.org\/{rel}","templated":true}]}}