{"id":933,"date":"2016-01-11T12:30:22","date_gmt":"2016-01-11T12:30:22","guid":{"rendered":"http:\/\/kor.hi.is\/?p=933"},"modified":"2018-06-14T20:28:19","modified_gmt":"2018-06-14T20:28:19","slug":"inntokuprufur-2","status":"publish","type":"post","link":"https:\/\/kor.hi.is\/?p=933","title":{"rendered":"Innt\u00f6kuprufur"},"content":{"rendered":"<p>N\u00fa \u00feegar n\u00fd \u00f6nn er a\u00f0 hefjast leitar H\u00e1sk\u00f3lak\u00f3rinn a\u00f0 hressu og<br \/>\nmetna\u00f0arfullu f\u00f3lki til a\u00f0 b\u00e6tast \u00ed h\u00f3pinn.<\/p>\n<p>Innt\u00f6kuprufur eru \u00ed h\u00e1t\u00ed\u00f0arsalnum \u00ed A\u00f0albyggingu H\u00e1sk\u00f3la \u00cdslands!!!<br \/>\nM\u00e1nudaginn 11.jan kl 17:00<\/p>\n<p><!--more--><\/p>\n<p>\u00c6fingar eru tvisvar \u00ed viku \u00e1 \u00feri\u00f0jud\u00f6gum og fimmtud\u00f6gum fr\u00e1 17:15 til 19:30 \u00ed Neskirkju.<\/p>\n<p>H\u00e1sk\u00f3lak\u00f3rinn er \u00f3missandi partur af h\u00e1sk\u00f3lal\u00edfinu og telur me\u00f0limi fr\u00e1 \u00f6llum h\u00e1sk\u00f3lum h\u00f6fu\u00f0borgarsv\u00e6\u00f0isins.<br \/>\nStarfsemi k\u00f3rsins er vi\u00f0amikil en \u00e1samt \u00fev\u00ed a\u00f0 koma fram \u00e1 fj\u00f6lm\u00f6rgum vi\u00f0bur\u00f0um, innan H\u00e1sk\u00f3la \u00cdslands sem<br \/>\nutan, heldur k\u00f3rinn annart\u00f3nleika, fer \u00ed \u00e6fingarb\u00fa\u00f0ir og t\u00f3nleikafer\u00f0al\u00f6g, heldur \u00e1rsh\u00e1t\u00ed\u00f0 og fullt af part\u00fdum.<\/p>\n<p>Fyrir n\u00e1nari uppl\u00fdsingar, vinsamlegast sendi\u00f0 p\u00f3st \u00e1 kor@hi.is<\/p>\n<p>\/\/\/\/\/\/\/\/\/\/\/\/\/\/\/\/\/\/\/\/\/\/\/\/\/\/\/\/\/\/\/\/\/\/\/\/\/\/\/\/\/\/\/\/\/\/\/\/\/\/\/\/\/\/\/<\/p>\n<p>The University Choir is an inseparable part of the university life &amp; counts members from all of the universities in Reykjav\u00edk. The Choir sings at all the main events within the University of Iceland and performs on many other occasions as well as having its own concerts,<br \/>\ngoing to rehearsal camps, travel and throw countless parties.<\/p>\n<p>Rehearsals are every Tuesday and Thursday at 17:15 to 19:30 in Neskirkja.<\/p>\n<p>Auditions for new members will be held in the main building of the University of Iceland (H\u00cd), on Monday the 11th of January at 17:00.<\/p>\n<p>For further information, please send an email to kor@hi.is<\/p>\n","protected":false},"excerpt":{"rendered":"<p>N\u00fa \u00feegar n\u00fd \u00f6nn er a\u00f0 hefjast leitar H\u00e1sk\u00f3lak\u00f3rinn a\u00f0 hressu og metna\u00f0arfullu f\u00f3lki til a\u00f0 b\u00e6tast \u00ed h\u00f3pinn. Innt\u00f6kuprufur eru \u00ed h\u00e1t\u00ed\u00f0arsalnum \u00ed A\u00f0albyggingu H\u00e1sk\u00f3la \u00cdslands!!! M\u00e1nudaginn 11.jan kl 17:00<\/p>\n","protected":false},"author":84,"featured_media":0,"comment_status":"open","ping_status":"closed","sticky":false,"template":"","format":"standard","meta":{"footnotes":""},"categories":[1],"tags":[],"class_list":["post-933","post","type-post","status-publish","format-standard","hentry","category-frettir"],"_links":{"self":[{"href":"https:\/\/kor.hi.is\/index.php?rest_route=\/wp\/v2\/posts\/933","targetHints":{"allow":["GET"]}}],"collection":[{"href":"https:\/\/kor.hi.is\/index.php?rest_route=\/wp\/v2\/posts"}],"about":[{"href":"https:\/\/kor.hi.is\/index.php?rest_route=\/wp\/v2\/types\/post"}],"author":[{"embeddable":true,"href":"https:\/\/kor.hi.is\/index.php?rest_route=\/wp\/v2\/users\/84"}],"replies":[{"embeddable":true,"href":"https:\/\/kor.hi.is\/index.php?rest_route=%2Fwp%2Fv2%2Fcomments&post=933"}],"version-history":[{"count":4,"href":"https:\/\/kor.hi.is\/index.php?rest_route=\/wp\/v2\/posts\/933\/revisions"}],"predecessor-version":[{"id":1018,"href":"https:\/\/kor.hi.is\/index.php?rest_route=\/wp\/v2\/posts\/933\/revisions\/1018"}],"wp:attachment":[{"href":"https:\/\/kor.hi.is\/index.php?rest_route=%2Fwp%2Fv2%2Fmedia&parent=933"}],"wp:term":[{"taxonomy":"category","embeddable":true,"href":"https:\/\/kor.hi.is\/index.php?rest_route=%2Fwp%2Fv2%2Fcategories&post=933"},{"taxonomy":"post_tag","embeddable":true,"href":"https:\/\/kor.hi.is\/index.php?rest_route=%2Fwp%2Fv2%2Ftags&post=933"}],"curies":[{"name":"wp","href":"https:\/\/api.w.org\/{rel}","templated":true}]}}