{"id":91,"date":"2010-09-14T11:33:42","date_gmt":"2010-09-14T11:33:42","guid":{"rendered":"http:\/\/vefir.hi.is\/kor\/?p=91"},"modified":"2010-11-25T14:56:15","modified_gmt":"2010-11-25T14:56:15","slug":"haustfundur-haskolakorsins","status":"publish","type":"post","link":"https:\/\/kor.hi.is\/?p=91","title":{"rendered":"Haustfundur H\u00e1sk\u00f3lak\u00f3rsins"},"content":{"rendered":"<p><strong>English below<\/strong><\/p>\n<p><img decoding=\"async\" class=\"alignright\" title=\"Fun!\" src=\"http:\/\/www.old-europe.com\/images\/Beer%20tapper.jpg\" alt=\"\" width=\"106,4\" height=\"114,4\" \/><\/p>\n<p>&#8212;&#8212;&#8212;&#8212;&#8212;&#8212;<\/p>\n<p>Haustfundurinn ver\u00f0ur haldinn \u00e1 efrih\u00e6\u00f0 Dillons rokkbars, Laugavegi 30 kl. 20:00fimmtudaginn 16. september n.k. eftir \u00e6fingu.<\/p>\n<p>\u00c1 haustfundi H\u00e1sk\u00f3lak\u00f3rsins ver\u00f0ur vali\u00f0 \u00ed eftirfarandi nefndir og emb\u00e6tti:<\/p>\n<p>Skemmtinefnd<br \/>\nFer\u00f0anefnd<br \/>\nFj\u00e1r\u00f6flunarnefnd<br \/>\nKaffinefnd<br \/>\nTr\u00fan\u00f3ma\u00f0ur\/kona<br \/>\nRaddformenn<\/p>\n<p>Veigar \u00ed bo\u00f0i k\u00f3rsins me\u00f0an byrg\u00f0ir endast, stanslaust stu\u00f0 og s\u00f6ngur \u00ed hjarta!<br \/>\n\u00deetta ver\u00f0ur \u00f3gleymanlegt kv\u00f6ld \ud83d\ude42<\/p>\n<p>&#8212;&#8212;&#8212;&#8212;&#8212;&#8212;-<\/p>\n<p>The fall meeting will be held on the second floor of Dillon rockbar at Laugavegur 30 on next Thursday after practice, 16th of September at 8pm.<br \/>\nOn H\u00e1sk\u00f3lak\u00f3rinn&#8217;s fall meeting we choose people for the following committees and roles:<\/p>\n<p>Fun committee<br \/>\nTravel committee<br \/>\nFundraising committee<br \/>\nCoffee committee<br \/>\nConfidence man\/woman<br \/>\nVoice leaders<\/p>\n<p>Beer provided by the choir, forever lasting fun and song at heart!<br \/>\nA night to remeber \ud83d\ude42<\/p>\n","protected":false},"excerpt":{"rendered":"<p>English below &#8212;&#8212;&#8212;&#8212;&#8212;&#8212; Haustfundurinn ver\u00f0ur haldinn \u00e1 efrih\u00e6\u00f0 Dillons rokkbars, Laugavegi 30 kl. 20:00fimmtudaginn 16. september n.k. eftir \u00e6fingu. \u00c1 haustfundi H\u00e1sk\u00f3lak\u00f3rsins ver\u00f0ur vali\u00f0 \u00ed eftirfarandi nefndir og emb\u00e6tti: Skemmtinefnd Fer\u00f0anefnd Fj\u00e1r\u00f6flunarnefnd Kaffinefnd Tr\u00fan\u00f3ma\u00f0ur\/kona Raddformenn Veigar \u00ed bo\u00f0i k\u00f3rsins me\u00f0an byrg\u00f0ir endast, stanslaust stu\u00f0 og s\u00f6ngur \u00ed hjarta! \u00deetta ver\u00f0ur \u00f3gleymanlegt kv\u00f6ld \ud83d\ude42 &#8212;&#8212;&#8212;&#8212;&#8212;&#8212;- The &hellip; <\/p>\n<p class=\"link-more\"><a href=\"https:\/\/kor.hi.is\/?p=91\" class=\"more-link\">Lesa \u00e1fram<span class=\"screen-reader-text\"> &#8222;Haustfundur H\u00e1sk\u00f3lak\u00f3rsins&#8220;<\/span><\/a><\/p>\n","protected":false},"author":84,"featured_media":0,"comment_status":"open","ping_status":"closed","sticky":false,"template":"","format":"standard","meta":{"footnotes":""},"categories":[1],"tags":[],"class_list":["post-91","post","type-post","status-publish","format-standard","hentry","category-frettir"],"_links":{"self":[{"href":"https:\/\/kor.hi.is\/index.php?rest_route=\/wp\/v2\/posts\/91","targetHints":{"allow":["GET"]}}],"collection":[{"href":"https:\/\/kor.hi.is\/index.php?rest_route=\/wp\/v2\/posts"}],"about":[{"href":"https:\/\/kor.hi.is\/index.php?rest_route=\/wp\/v2\/types\/post"}],"author":[{"embeddable":true,"href":"https:\/\/kor.hi.is\/index.php?rest_route=\/wp\/v2\/users\/84"}],"replies":[{"embeddable":true,"href":"https:\/\/kor.hi.is\/index.php?rest_route=%2Fwp%2Fv2%2Fcomments&post=91"}],"version-history":[{"count":4,"href":"https:\/\/kor.hi.is\/index.php?rest_route=\/wp\/v2\/posts\/91\/revisions"}],"predecessor-version":[{"id":415,"href":"https:\/\/kor.hi.is\/index.php?rest_route=\/wp\/v2\/posts\/91\/revisions\/415"}],"wp:attachment":[{"href":"https:\/\/kor.hi.is\/index.php?rest_route=%2Fwp%2Fv2%2Fmedia&parent=91"}],"wp:term":[{"taxonomy":"category","embeddable":true,"href":"https:\/\/kor.hi.is\/index.php?rest_route=%2Fwp%2Fv2%2Fcategories&post=91"},{"taxonomy":"post_tag","embeddable":true,"href":"https:\/\/kor.hi.is\/index.php?rest_route=%2Fwp%2Fv2%2Ftags&post=91"}],"curies":[{"name":"wp","href":"https:\/\/api.w.org\/{rel}","templated":true}]}}