{"id":905,"date":"2014-11-23T21:24:14","date_gmt":"2014-11-23T21:24:14","guid":{"rendered":"http:\/\/kor.hi.is\/?p=905"},"modified":"2014-11-26T14:45:20","modified_gmt":"2014-11-26T14:45:20","slug":"hausttonleikar-haskolakorsins","status":"publish","type":"post","link":"https:\/\/kor.hi.is\/?p=905","title":{"rendered":"Haustt\u00f3nleikar H\u00e1sk\u00f3lak\u00f3rsins"},"content":{"rendered":"<p>H\u00e1sk\u00f3lak\u00f3rinn heldur t\u00f3nleika \u00ed Neskirkju fimmtudagskv\u00f6ldi\u00f0 27. n\u00f3vember nk. \u00c1 t\u00f3nleikunum ver\u00f0a sungin k\u00f3rverk eftir \u00edslensk t\u00f3nsk\u00e1ld \u00e1 bor\u00f0 vi\u00f0 B\u00e1ru Gr\u00edmsd\u00f3ttur, J\u00f3n Leifs og Hr\u00f3\u00f0mar Inga Sigurbj\u00f6rnsson. Einnig syngur k\u00f3rinn l\u00f6g eftir Benjamin Britten og J\u00f3hannes Brahms auk \u00feess sem nokkrir k\u00f3rf\u00e9lagar st\u00edga fram og syngja eins\u00f6ng.<br \/>\nVer\u00f0lag er eftirfarandi:<\/p>\n<p>Almennt ver\u00f0: 1500 kr.<br \/>\nNemar, b\u00f6rn og eldri borgarar: 1000 kr.<\/p>\n<p>The University choir&#8217;s autumn concert will be held in Neskirkja 27th of November at 20:00. The choir will perform songs by Icelandic composers such as B\u00e1ru Gr\u00edmsd\u00f3ttir, J\u00f3n Leifs and Hr\u00f3\u00f0mar Ingi Sigurbj\u00f6rnsson . The choir will also perform songs by Benjamin Britten and Johannes Brahms, as well as a few members of the choir will perform songs solo.<br \/>\nThe price is as follows:<\/p>\n<p>General price: 1500 kr.<br \/>\nStudents, seniors and children: 1000 kr.<\/p>\n<p>Event on Facebook<br \/>\nhttps:\/\/www.facebook.com\/events\/323951447793085\/?ref=25&#038;sid_reminder=1781634953587458048<\/p>\n","protected":false},"excerpt":{"rendered":"<p>H\u00e1sk\u00f3lak\u00f3rinn heldur t\u00f3nleika \u00ed Neskirkju fimmtudagskv\u00f6ldi\u00f0 27. n\u00f3vember nk. \u00c1 t\u00f3nleikunum ver\u00f0a sungin k\u00f3rverk eftir \u00edslensk t\u00f3nsk\u00e1ld \u00e1 bor\u00f0 vi\u00f0 B\u00e1ru Gr\u00edmsd\u00f3ttur, J\u00f3n Leifs og Hr\u00f3\u00f0mar Inga Sigurbj\u00f6rnsson. Einnig syngur k\u00f3rinn l\u00f6g eftir Benjamin Britten og J\u00f3hannes Brahms auk \u00feess sem nokkrir k\u00f3rf\u00e9lagar st\u00edga fram og syngja eins\u00f6ng. Ver\u00f0lag er eftirfarandi: Almennt ver\u00f0: 1500 kr. &hellip; <\/p>\n<p class=\"link-more\"><a href=\"https:\/\/kor.hi.is\/?p=905\" class=\"more-link\">Lesa \u00e1fram<span class=\"screen-reader-text\"> &#8222;Haustt\u00f3nleikar H\u00e1sk\u00f3lak\u00f3rsins&#8220;<\/span><\/a><\/p>\n","protected":false},"author":84,"featured_media":0,"comment_status":"open","ping_status":"closed","sticky":false,"template":"","format":"standard","meta":{"footnotes":""},"categories":[1],"tags":[],"class_list":["post-905","post","type-post","status-publish","format-standard","hentry","category-frettir"],"_links":{"self":[{"href":"https:\/\/kor.hi.is\/index.php?rest_route=\/wp\/v2\/posts\/905","targetHints":{"allow":["GET"]}}],"collection":[{"href":"https:\/\/kor.hi.is\/index.php?rest_route=\/wp\/v2\/posts"}],"about":[{"href":"https:\/\/kor.hi.is\/index.php?rest_route=\/wp\/v2\/types\/post"}],"author":[{"embeddable":true,"href":"https:\/\/kor.hi.is\/index.php?rest_route=\/wp\/v2\/users\/84"}],"replies":[{"embeddable":true,"href":"https:\/\/kor.hi.is\/index.php?rest_route=%2Fwp%2Fv2%2Fcomments&post=905"}],"version-history":[{"count":8,"href":"https:\/\/kor.hi.is\/index.php?rest_route=\/wp\/v2\/posts\/905\/revisions"}],"predecessor-version":[{"id":913,"href":"https:\/\/kor.hi.is\/index.php?rest_route=\/wp\/v2\/posts\/905\/revisions\/913"}],"wp:attachment":[{"href":"https:\/\/kor.hi.is\/index.php?rest_route=%2Fwp%2Fv2%2Fmedia&parent=905"}],"wp:term":[{"taxonomy":"category","embeddable":true,"href":"https:\/\/kor.hi.is\/index.php?rest_route=%2Fwp%2Fv2%2Fcategories&post=905"},{"taxonomy":"post_tag","embeddable":true,"href":"https:\/\/kor.hi.is\/index.php?rest_route=%2Fwp%2Fv2%2Ftags&post=905"}],"curies":[{"name":"wp","href":"https:\/\/api.w.org\/{rel}","templated":true}]}}