{"id":888,"date":"2014-08-27T09:32:40","date_gmt":"2014-08-27T09:32:40","guid":{"rendered":"http:\/\/kor.hi.is\/?p=888"},"modified":"2014-08-27T09:32:40","modified_gmt":"2014-08-27T09:32:40","slug":"ny-stjorn-kosin","status":"publish","type":"post","link":"https:\/\/kor.hi.is\/?p=888","title":{"rendered":"N\u00fd stj\u00f3rn kosin"},"content":{"rendered":"<p>\u00cd vor var kosin n\u00fd stj\u00f3rn \u00ed k\u00f3rnum og t\u00f3k h\u00fan vi\u00f0 st\u00f6rfum \u00e1 stj\u00f3rnskiptafundi 28.j\u00fal\u00ed s\u00ed\u00f0astli\u00f0in.<br \/>\nStj\u00f3rnarme\u00f0limir eru eftirfarandi:<\/p>\n<p>Gu\u00f0mundur Alfre\u00f0sson, forma\u00f0ur<br \/>\nBerglj\u00f3t Halla Kristj\u00e1nsd\u00f3ttir, varaforma\u00f0ur<br \/>\nBj\u00f6rn Bjarnsteinsson, gjaldkeri<br \/>\n\u00deur\u00ed\u00f0ur Skarph\u00e9\u00f0insd\u00f3ttir, ritari<br \/>\nMargr\u00e9t Wendt, me\u00f0stj\u00f3rnandi<br \/>\nS\u00e6var \u00d6rn Einarsson, tengili\u00f0ur<\/p>\n<p>Stj\u00f3rnin \u00feakkar \u00feeirri g\u00f6mlu fyrir vel unnin st\u00f6rf og hlakkar til a\u00f0 takast \u00e1 vi\u00f0 verkefni vetursins.<\/p>\n","protected":false},"excerpt":{"rendered":"<p>\u00cd vor var kosin n\u00fd stj\u00f3rn \u00ed k\u00f3rnum og t\u00f3k h\u00fan vi\u00f0 st\u00f6rfum \u00e1 stj\u00f3rnskiptafundi 28.j\u00fal\u00ed s\u00ed\u00f0astli\u00f0in. Stj\u00f3rnarme\u00f0limir eru eftirfarandi: Gu\u00f0mundur Alfre\u00f0sson, forma\u00f0ur Berglj\u00f3t Halla Kristj\u00e1nsd\u00f3ttir, varaforma\u00f0ur Bj\u00f6rn Bjarnsteinsson, gjaldkeri \u00deur\u00ed\u00f0ur Skarph\u00e9\u00f0insd\u00f3ttir, ritari Margr\u00e9t Wendt, me\u00f0stj\u00f3rnandi S\u00e6var \u00d6rn Einarsson, tengili\u00f0ur Stj\u00f3rnin \u00feakkar \u00feeirri g\u00f6mlu fyrir vel unnin st\u00f6rf og hlakkar til a\u00f0 takast \u00e1 vi\u00f0 &hellip; <\/p>\n<p class=\"link-more\"><a href=\"https:\/\/kor.hi.is\/?p=888\" class=\"more-link\">Lesa \u00e1fram<span class=\"screen-reader-text\"> &#8222;N\u00fd stj\u00f3rn kosin&#8220;<\/span><\/a><\/p>\n","protected":false},"author":84,"featured_media":0,"comment_status":"open","ping_status":"closed","sticky":false,"template":"","format":"standard","meta":{"footnotes":""},"categories":[1],"tags":[],"class_list":["post-888","post","type-post","status-publish","format-standard","hentry","category-frettir"],"_links":{"self":[{"href":"https:\/\/kor.hi.is\/index.php?rest_route=\/wp\/v2\/posts\/888","targetHints":{"allow":["GET"]}}],"collection":[{"href":"https:\/\/kor.hi.is\/index.php?rest_route=\/wp\/v2\/posts"}],"about":[{"href":"https:\/\/kor.hi.is\/index.php?rest_route=\/wp\/v2\/types\/post"}],"author":[{"embeddable":true,"href":"https:\/\/kor.hi.is\/index.php?rest_route=\/wp\/v2\/users\/84"}],"replies":[{"embeddable":true,"href":"https:\/\/kor.hi.is\/index.php?rest_route=%2Fwp%2Fv2%2Fcomments&post=888"}],"version-history":[{"count":2,"href":"https:\/\/kor.hi.is\/index.php?rest_route=\/wp\/v2\/posts\/888\/revisions"}],"predecessor-version":[{"id":890,"href":"https:\/\/kor.hi.is\/index.php?rest_route=\/wp\/v2\/posts\/888\/revisions\/890"}],"wp:attachment":[{"href":"https:\/\/kor.hi.is\/index.php?rest_route=%2Fwp%2Fv2%2Fmedia&parent=888"}],"wp:term":[{"taxonomy":"category","embeddable":true,"href":"https:\/\/kor.hi.is\/index.php?rest_route=%2Fwp%2Fv2%2Fcategories&post=888"},{"taxonomy":"post_tag","embeddable":true,"href":"https:\/\/kor.hi.is\/index.php?rest_route=%2Fwp%2Fv2%2Ftags&post=888"}],"curies":[{"name":"wp","href":"https:\/\/api.w.org\/{rel}","templated":true}]}}