{"id":824,"date":"2013-09-02T14:37:01","date_gmt":"2013-09-02T14:37:01","guid":{"rendered":"http:\/\/kor.hi.is\/?p=824"},"modified":"2013-09-02T14:37:01","modified_gmt":"2013-09-02T14:37:01","slug":"inntokuprufur-og-ny-onn","status":"publish","type":"post","link":"https:\/\/kor.hi.is\/?p=824","title":{"rendered":"Innt\u00f6kuprufur og n\u00fd \u00f6nn."},"content":{"rendered":"<p>N\u00fa er n\u00fd \u00f6nn a\u00f0 hefjast, og \u00fev\u00ed leitar H\u00e1sk\u00f3lak\u00f3rinn a\u00f0 hressu og metna\u00f0arfullu f\u00f3lki til a\u00f0 b\u00e6tast \u00ed h\u00f3pinn.\u00a0Raddprufur ver\u00f0a haldnar \u00ed Neskirkju, fimmtudaginn 5. september og f\u00f6studaginn 6. september kl.17:00. Vi\u00f0 hvetjum alla s\u00f6ngufugla a\u00f0 m\u00e6ta og l\u00e1ta lj\u00f3s sitt sk\u00edna.<\/p>\n<p>\u00dea\u00f0 er \u00fdmislegt spennandi \u00e1 d\u00f6finni hj\u00e1 H\u00e1sk\u00f3lak\u00f3rnum. \u00cd haust munum vi\u00f0 me\u00f0al annars flytja Requiem eftir Mozart \u00e1samt \u00fdmsum \u00f6\u00f0rum verkum, \u00edslenskum sem og erlendum. \u00c1 vor\u00f6nn er svo \u00e1\u00e6tla\u00f0 a\u00f0 halda \u00fat fyrir landsteinana \u00ed t\u00f3nleikafer\u00f0alag.<\/p>\n<p>\u00c1 me\u00f0an vi\u00f0 kve\u00f0jum sumari\u00f0 me\u00f0 trega hl\u00f6kkum vi\u00f0 til \u00feess a\u00f0 takast \u00e1 vi\u00f0 \u00f6grandi verkefni vetrarins.<\/p>\n<pre><\/pre>\n","protected":false},"excerpt":{"rendered":"<p>N\u00fa er n\u00fd \u00f6nn a\u00f0 hefjast, og \u00fev\u00ed leitar H\u00e1sk\u00f3lak\u00f3rinn a\u00f0 hressu og metna\u00f0arfullu f\u00f3lki til a\u00f0 b\u00e6tast \u00ed h\u00f3pinn.\u00a0Raddprufur ver\u00f0a haldnar \u00ed Neskirkju, fimmtudaginn 5. september og f\u00f6studaginn 6. september kl.17:00. Vi\u00f0 hvetjum alla s\u00f6ngufugla a\u00f0 m\u00e6ta og l\u00e1ta lj\u00f3s sitt sk\u00edna. \u00dea\u00f0 er \u00fdmislegt spennandi \u00e1 d\u00f6finni hj\u00e1 H\u00e1sk\u00f3lak\u00f3rnum. \u00cd haust munum vi\u00f0 &hellip; <\/p>\n<p class=\"link-more\"><a href=\"https:\/\/kor.hi.is\/?p=824\" class=\"more-link\">Lesa \u00e1fram<span class=\"screen-reader-text\"> &#8222;Innt\u00f6kuprufur og n\u00fd \u00f6nn.&#8220;<\/span><\/a><\/p>\n","protected":false},"author":81,"featured_media":0,"comment_status":"open","ping_status":"closed","sticky":false,"template":"","format":"standard","meta":{"footnotes":""},"categories":[1],"tags":[],"class_list":["post-824","post","type-post","status-publish","format-standard","hentry","category-frettir"],"_links":{"self":[{"href":"https:\/\/kor.hi.is\/index.php?rest_route=\/wp\/v2\/posts\/824","targetHints":{"allow":["GET"]}}],"collection":[{"href":"https:\/\/kor.hi.is\/index.php?rest_route=\/wp\/v2\/posts"}],"about":[{"href":"https:\/\/kor.hi.is\/index.php?rest_route=\/wp\/v2\/types\/post"}],"author":[{"embeddable":true,"href":"https:\/\/kor.hi.is\/index.php?rest_route=\/wp\/v2\/users\/81"}],"replies":[{"embeddable":true,"href":"https:\/\/kor.hi.is\/index.php?rest_route=%2Fwp%2Fv2%2Fcomments&post=824"}],"version-history":[{"count":1,"href":"https:\/\/kor.hi.is\/index.php?rest_route=\/wp\/v2\/posts\/824\/revisions"}],"predecessor-version":[{"id":825,"href":"https:\/\/kor.hi.is\/index.php?rest_route=\/wp\/v2\/posts\/824\/revisions\/825"}],"wp:attachment":[{"href":"https:\/\/kor.hi.is\/index.php?rest_route=%2Fwp%2Fv2%2Fmedia&parent=824"}],"wp:term":[{"taxonomy":"category","embeddable":true,"href":"https:\/\/kor.hi.is\/index.php?rest_route=%2Fwp%2Fv2%2Fcategories&post=824"},{"taxonomy":"post_tag","embeddable":true,"href":"https:\/\/kor.hi.is\/index.php?rest_route=%2Fwp%2Fv2%2Ftags&post=824"}],"curies":[{"name":"wp","href":"https:\/\/api.w.org\/{rel}","templated":true}]}}