{"id":814,"date":"2013-05-25T13:51:07","date_gmt":"2013-05-25T13:51:07","guid":{"rendered":"http:\/\/kor.hi.is\/?p=814"},"modified":"2013-05-25T13:51:07","modified_gmt":"2013-05-25T13:51:07","slug":"haskolakorinn-a-ferd-og-flugi","status":"publish","type":"post","link":"https:\/\/kor.hi.is\/?p=814","title":{"rendered":"H\u00e1sk\u00f3lak\u00f3rinn \u00e1 fer\u00f0 og flugi"},"content":{"rendered":"<p>N\u00fa er H\u00e1sk\u00f3lak\u00f3rinn lag\u00f0ur af sta\u00f0 \u00ed vorfer\u00f0 hringinn \u00ed kringum landi\u00f0. \u00c6tlunin er a\u00f0 halda t\u00f3nleika \u00e1 vel v\u00f6ldum st\u00f6\u00f0um og skemmta \u00fear sveitungum og \u00f6\u00f0rum velunnurum k\u00f3rsins. Efnisskr\u00e1 k\u00f3rsins er a\u00f0 vanda fj\u00f6lbreytt og samanstendur af b\u00e6\u00f0i \u00edslenskum og erlendum perlum k\u00f3rt\u00f3nlistar. \u00cdslensk l\u00f6g eru \u00e1berandi \u00e1 efnisskr\u00e1nni og sungin ver\u00f0a verk eftir \u00feekkt t\u00f3nsk\u00e1ld \u00e1 bor\u00f0 vi\u00f0 J\u00f3n Leifs, Gunnstein \u00d3lafsson, \u00de\u00f3ru Marteinsd\u00f3ttur og Hr\u00f3\u00f0mar I Sigurbj\u00f6rnsson. K\u00f3rme\u00f0limir munu einnig flytja t\u00f3nlistaratri\u00f0i \u00ed l\u00e9ttari kantinum \u00e1 milli \u00feess sem a\u00f0 k\u00f3rinn syngur.<\/p>\n<p>T\u00f3nleikar ver\u00f0a sem h\u00e9r segir:<\/p>\n<p>Sunnudaginn 26.ma\u00ed kl.17 \u00ed Hafnarkirkju \u00e1 H\u00f6fn \u00ed Hornafir\u00f0i,<br \/>\n\u00deri\u00f0judaginn 28.ma\u00ed kl.20:30 \u00ed Eskifjar\u00f0arkirkju \u00e1 Eskifir\u00f0i,<br \/>\nMi\u00f0vikudaginn 29.ma\u00ed kl.21:30 \u00ed Reykjahl\u00ed\u00f0arkirkju, M\u00fdvatni,<br \/>\nLaugardaginn 1.j\u00fan\u00ed kl. 18 \u00ed Gler\u00e1rkirkju \u00e1 Akureyri<\/p>\n<p>Veri\u00f0 hjartanlega velkomin!<\/p>\n<p>\/\/<\/p>\n<p>The University Choir is now travelling around the country and singing on concerts in chosen places. The concerts will be as follows:<\/p>\n<p>Sunday the 26th of May at 17:00 in Hafnarkirkja,  H\u00f6fn in Hornafj\u00f6r\u00f0ur,<br \/>\nTuesday the 28th of May at 20:30 in Eskifjar\u00f0arkirkja in Eskifj\u00f6r\u00f0ur,<br \/>\nWednesday the 29th of May at 21:30 in Reykjahl\u00ed\u00f0arkirkja in M\u00fdvatn,<br \/>\nSaturday the 1st of June at 18:00 in Gler\u00e1rkirkja in Akureyri.<\/p>\n<p>All music lovers welcome!<\/p>\n","protected":false},"excerpt":{"rendered":"<p>N\u00fa er H\u00e1sk\u00f3lak\u00f3rinn lag\u00f0ur af sta\u00f0 \u00ed vorfer\u00f0 hringinn \u00ed kringum landi\u00f0. \u00c6tlunin er a\u00f0 halda t\u00f3nleika \u00e1 vel v\u00f6ldum st\u00f6\u00f0um og skemmta \u00fear sveitungum og \u00f6\u00f0rum velunnurum k\u00f3rsins. Efnisskr\u00e1 k\u00f3rsins er a\u00f0 vanda fj\u00f6lbreytt og samanstendur af b\u00e6\u00f0i \u00edslenskum og erlendum perlum k\u00f3rt\u00f3nlistar. \u00cdslensk l\u00f6g eru \u00e1berandi \u00e1 efnisskr\u00e1nni og sungin ver\u00f0a verk eftir &hellip; <\/p>\n<p class=\"link-more\"><a href=\"https:\/\/kor.hi.is\/?p=814\" class=\"more-link\">Lesa \u00e1fram<span class=\"screen-reader-text\"> &#8222;H\u00e1sk\u00f3lak\u00f3rinn \u00e1 fer\u00f0 og flugi&#8220;<\/span><\/a><\/p>\n","protected":false},"author":84,"featured_media":0,"comment_status":"open","ping_status":"closed","sticky":false,"template":"","format":"standard","meta":{"footnotes":""},"categories":[1],"tags":[],"class_list":["post-814","post","type-post","status-publish","format-standard","hentry","category-frettir"],"_links":{"self":[{"href":"https:\/\/kor.hi.is\/index.php?rest_route=\/wp\/v2\/posts\/814","targetHints":{"allow":["GET"]}}],"collection":[{"href":"https:\/\/kor.hi.is\/index.php?rest_route=\/wp\/v2\/posts"}],"about":[{"href":"https:\/\/kor.hi.is\/index.php?rest_route=\/wp\/v2\/types\/post"}],"author":[{"embeddable":true,"href":"https:\/\/kor.hi.is\/index.php?rest_route=\/wp\/v2\/users\/84"}],"replies":[{"embeddable":true,"href":"https:\/\/kor.hi.is\/index.php?rest_route=%2Fwp%2Fv2%2Fcomments&post=814"}],"version-history":[{"count":1,"href":"https:\/\/kor.hi.is\/index.php?rest_route=\/wp\/v2\/posts\/814\/revisions"}],"predecessor-version":[{"id":815,"href":"https:\/\/kor.hi.is\/index.php?rest_route=\/wp\/v2\/posts\/814\/revisions\/815"}],"wp:attachment":[{"href":"https:\/\/kor.hi.is\/index.php?rest_route=%2Fwp%2Fv2%2Fmedia&parent=814"}],"wp:term":[{"taxonomy":"category","embeddable":true,"href":"https:\/\/kor.hi.is\/index.php?rest_route=%2Fwp%2Fv2%2Fcategories&post=814"},{"taxonomy":"post_tag","embeddable":true,"href":"https:\/\/kor.hi.is\/index.php?rest_route=%2Fwp%2Fv2%2Ftags&post=814"}],"curies":[{"name":"wp","href":"https:\/\/api.w.org\/{rel}","templated":true}]}}