{"id":812,"date":"2013-04-10T12:08:08","date_gmt":"2013-04-10T12:08:08","guid":{"rendered":"http:\/\/kor.hi.is\/?p=812"},"modified":"2013-04-10T12:08:08","modified_gmt":"2013-04-10T12:08:08","slug":"vortonleikar-haskolakorsins","status":"publish","type":"post","link":"https:\/\/kor.hi.is\/?p=812","title":{"rendered":"Vort\u00f3nleikar H\u00e1sk\u00f3lak\u00f3rsins"},"content":{"rendered":"<p>Vort\u00f3nleikar H\u00e1sk\u00f3lak\u00f3rsins ver\u00f0a haldnir \u00ed Neskirkju n\u00e6stkomandi fimmtudag, 11.apr\u00edl kl.20.<\/p>\n<p>\u00c1 efnisskr\u00e1 eru \u00fdmis verk, \u00feekkt og \u00f3\u00feekkt. Me\u00f0al annars ver\u00f0ur N\u00e4nie eftir Brahms og V\u00edti eftir J\u00f3n Leifs flutt \u00e1samt \u00f6\u00f0rum \u00edslenskum og erlendum perlum.<\/p>\n<p>A\u00f0 \u00feessu sinni ver\u00f0ur S\u00f6ngfjelagi\u00f0 s\u00e9rstakur gestak\u00f3r sem flytja mun nokkur l\u00f6g me\u00f0 H\u00e1sk\u00f3lak\u00f3rnum.<\/p>\n<p>Almennt mi\u00f0aver\u00f0 \u00e1 t\u00f3nleikana eru 2000 kr. en 1500 kr. fyrir nema, \u00f6ryrkja, eldri borgara og b\u00f6rn. Mi\u00f0asala ver\u00f0ur \u00e1 sta\u00f0num.<\/p>\n<p>\u00cd ma\u00edm\u00e1nu\u00f0i mun H\u00e1sk\u00f3lak\u00f3rinn halda \u00ed t\u00f3nleikafer\u00f0 hringinn \u00ed kringum landi\u00f0, en \u00feessir t\u00f3nleikar ver\u00f0a \u00feeir einu sem haldnir ver\u00f0a \u00e1 h\u00f6fu\u00f0borgarsv\u00e6\u00f0inu \u00ed vor. \u00dev\u00ed hvetjum vi\u00f0 \u00feig a\u00f0 l\u00e1ta t\u00e6kif\u00e6ri\u00f0 ekki renna \u00fe\u00e9r \u00far greipum.<\/p>\n<p>Hl\u00f6kkum til a\u00f0 sj\u00e1 alla t\u00f3nlistarunnendur \u00ed s\u00f3lskinsskapi!<\/p>\n<p>\/\/<\/p>\n<p>H\u00e1sk\u00f3lak\u00f3rinn&#8217;s spring concerts will be held in Neskirkja on Thursday the 11th of April at 20:00.<\/p>\n<p>We will sing a variety of pieces, including N\u00e4nie by Brahms and V\u00edti by J\u00f3n Leifs along with other Icelandic and foreign pieces.<\/p>\n<p>We will have a special guest choir singing with us at the concert. S\u00f6ngfjelagi\u00f0 will come and join us in a few songs.<\/p>\n<p>Ticket price is 2000 kr. but 1500 kr. for students, senior citizens, children and disabled. Ticket sale will be in Neskirkja before the concert.<\/p>\n<p>In may, H\u00e1sk\u00f3lak\u00f3rinn will go on tour round Iceland, but these are the only concerts planned in the city so don&#8217;t miss the opportunity of seeing the choir live.<\/p>\n<p>We look forward to seeing all music lovers!<\/p>\n","protected":false},"excerpt":{"rendered":"<p>Vort\u00f3nleikar H\u00e1sk\u00f3lak\u00f3rsins ver\u00f0a haldnir \u00ed Neskirkju n\u00e6stkomandi fimmtudag, 11.apr\u00edl kl.20. \u00c1 efnisskr\u00e1 eru \u00fdmis verk, \u00feekkt og \u00f3\u00feekkt. Me\u00f0al annars ver\u00f0ur N\u00e4nie eftir Brahms og V\u00edti eftir J\u00f3n Leifs flutt \u00e1samt \u00f6\u00f0rum \u00edslenskum og erlendum perlum. A\u00f0 \u00feessu sinni ver\u00f0ur S\u00f6ngfjelagi\u00f0 s\u00e9rstakur gestak\u00f3r sem flytja mun nokkur l\u00f6g me\u00f0 H\u00e1sk\u00f3lak\u00f3rnum. Almennt mi\u00f0aver\u00f0 \u00e1 t\u00f3nleikana eru &hellip; <\/p>\n<p class=\"link-more\"><a href=\"https:\/\/kor.hi.is\/?p=812\" class=\"more-link\">Lesa \u00e1fram<span class=\"screen-reader-text\"> &#8222;Vort\u00f3nleikar H\u00e1sk\u00f3lak\u00f3rsins&#8220;<\/span><\/a><\/p>\n","protected":false},"author":84,"featured_media":0,"comment_status":"open","ping_status":"closed","sticky":false,"template":"","format":"standard","meta":{"footnotes":""},"categories":[1],"tags":[],"class_list":["post-812","post","type-post","status-publish","format-standard","hentry","category-frettir"],"_links":{"self":[{"href":"https:\/\/kor.hi.is\/index.php?rest_route=\/wp\/v2\/posts\/812","targetHints":{"allow":["GET"]}}],"collection":[{"href":"https:\/\/kor.hi.is\/index.php?rest_route=\/wp\/v2\/posts"}],"about":[{"href":"https:\/\/kor.hi.is\/index.php?rest_route=\/wp\/v2\/types\/post"}],"author":[{"embeddable":true,"href":"https:\/\/kor.hi.is\/index.php?rest_route=\/wp\/v2\/users\/84"}],"replies":[{"embeddable":true,"href":"https:\/\/kor.hi.is\/index.php?rest_route=%2Fwp%2Fv2%2Fcomments&post=812"}],"version-history":[{"count":1,"href":"https:\/\/kor.hi.is\/index.php?rest_route=\/wp\/v2\/posts\/812\/revisions"}],"predecessor-version":[{"id":813,"href":"https:\/\/kor.hi.is\/index.php?rest_route=\/wp\/v2\/posts\/812\/revisions\/813"}],"wp:attachment":[{"href":"https:\/\/kor.hi.is\/index.php?rest_route=%2Fwp%2Fv2%2Fmedia&parent=812"}],"wp:term":[{"taxonomy":"category","embeddable":true,"href":"https:\/\/kor.hi.is\/index.php?rest_route=%2Fwp%2Fv2%2Fcategories&post=812"},{"taxonomy":"post_tag","embeddable":true,"href":"https:\/\/kor.hi.is\/index.php?rest_route=%2Fwp%2Fv2%2Ftags&post=812"}],"curies":[{"name":"wp","href":"https:\/\/api.w.org\/{rel}","templated":true}]}}