{"id":795,"date":"2013-01-08T04:53:37","date_gmt":"2013-01-08T04:53:37","guid":{"rendered":"http:\/\/kor.hi.is\/?p=795"},"modified":"2013-01-08T04:53:37","modified_gmt":"2013-01-08T04:53:37","slug":"aheyrnarprufur-haskolakorsins-15-januar-2013","status":"publish","type":"post","link":"https:\/\/kor.hi.is\/?p=795","title":{"rendered":"\u00c1heyrnarprufur H\u00e1sk\u00f3lak\u00f3rsins 15.jan\u00faar 2013."},"content":{"rendered":"<p>N\u00fa \u00feegar n\u00fd \u00f6nn er a\u00f0 hefjast leitar H\u00e1sk\u00f3lak\u00f3rinn a\u00f0 hressu og metna\u00f0arfullu s\u00f6ngf\u00f3lki fyrir komandi vetur.<\/p>\n<p>H\u00e1sk\u00f3lak\u00f3rinn syngur og \u00e6fir af krafti en k\u00f3rinn stendur einnig fyrir \u00f6flugu f\u00e9lagsstarfi \u00fear sem m.a. er fari\u00f0 \u00ed \u00e6fingab\u00fa\u00f0ir, haldin er \u00e1rsh\u00e1t\u00ed\u00f0 og fj\u00f6ldam\u00f6rg part\u00fd \u00e1samt \u00f6\u00f0rum skemmtunum. \u00deessa \u00f6nnina eru m\u00f6rg spennandi verk \u00e1 dagskr\u00e1 \u00e1samt st\u00f3ru fer\u00f0alagi \u00ed vor.<\/p>\n<p>\u00c6fingar fara fram \u00e1 \u00feri\u00f0jud\u00f6gum og fimmtud\u00f6gum klukkan 17:15 \u00ed Neskirkju.<\/p>\n<p>RADDPRUFUR VER\u00d0A HALDNAR \u00cd NESKIRKJU 15.JAN\u00daAR 2013 KL.16:30.<\/p>\n<p>S\u00f6ngur b\u00e6tir, hressir og k\u00e6tir og \u00fev\u00ed hvetjum vi\u00f0 alla s\u00f6ngfugla til a\u00f0 m\u00e6ta og l\u00e1ta lj\u00f3s sitt sk\u00edna. <\/p>\n<p>Endilega hafi\u00f0 samband vi\u00f0 okkur \u00e1 kor@hi.is ef einhverjar spurningar vakna.<\/p>\n","protected":false},"excerpt":{"rendered":"<p>N\u00fa \u00feegar n\u00fd \u00f6nn er a\u00f0 hefjast leitar H\u00e1sk\u00f3lak\u00f3rinn a\u00f0 hressu og metna\u00f0arfullu s\u00f6ngf\u00f3lki fyrir komandi vetur. H\u00e1sk\u00f3lak\u00f3rinn syngur og \u00e6fir af krafti en k\u00f3rinn stendur einnig fyrir \u00f6flugu f\u00e9lagsstarfi \u00fear sem m.a. er fari\u00f0 \u00ed \u00e6fingab\u00fa\u00f0ir, haldin er \u00e1rsh\u00e1t\u00ed\u00f0 og fj\u00f6ldam\u00f6rg part\u00fd \u00e1samt \u00f6\u00f0rum skemmtunum. \u00deessa \u00f6nnina eru m\u00f6rg spennandi verk \u00e1 dagskr\u00e1 \u00e1samt &hellip; <\/p>\n<p class=\"link-more\"><a href=\"https:\/\/kor.hi.is\/?p=795\" class=\"more-link\">Lesa \u00e1fram<span class=\"screen-reader-text\"> &#8222;\u00c1heyrnarprufur H\u00e1sk\u00f3lak\u00f3rsins 15.jan\u00faar 2013.&#8220;<\/span><\/a><\/p>\n","protected":false},"author":84,"featured_media":0,"comment_status":"open","ping_status":"closed","sticky":false,"template":"","format":"standard","meta":{"footnotes":""},"categories":[1],"tags":[],"class_list":["post-795","post","type-post","status-publish","format-standard","hentry","category-frettir"],"_links":{"self":[{"href":"https:\/\/kor.hi.is\/index.php?rest_route=\/wp\/v2\/posts\/795","targetHints":{"allow":["GET"]}}],"collection":[{"href":"https:\/\/kor.hi.is\/index.php?rest_route=\/wp\/v2\/posts"}],"about":[{"href":"https:\/\/kor.hi.is\/index.php?rest_route=\/wp\/v2\/types\/post"}],"author":[{"embeddable":true,"href":"https:\/\/kor.hi.is\/index.php?rest_route=\/wp\/v2\/users\/84"}],"replies":[{"embeddable":true,"href":"https:\/\/kor.hi.is\/index.php?rest_route=%2Fwp%2Fv2%2Fcomments&post=795"}],"version-history":[{"count":1,"href":"https:\/\/kor.hi.is\/index.php?rest_route=\/wp\/v2\/posts\/795\/revisions"}],"predecessor-version":[{"id":796,"href":"https:\/\/kor.hi.is\/index.php?rest_route=\/wp\/v2\/posts\/795\/revisions\/796"}],"wp:attachment":[{"href":"https:\/\/kor.hi.is\/index.php?rest_route=%2Fwp%2Fv2%2Fmedia&parent=795"}],"wp:term":[{"taxonomy":"category","embeddable":true,"href":"https:\/\/kor.hi.is\/index.php?rest_route=%2Fwp%2Fv2%2Fcategories&post=795"},{"taxonomy":"post_tag","embeddable":true,"href":"https:\/\/kor.hi.is\/index.php?rest_route=%2Fwp%2Fv2%2Ftags&post=795"}],"curies":[{"name":"wp","href":"https:\/\/api.w.org\/{rel}","templated":true}]}}