{"id":706,"date":"2012-08-29T00:14:17","date_gmt":"2012-08-29T00:14:17","guid":{"rendered":"http:\/\/kor.hi.is\/?p=706"},"modified":"2012-08-29T00:43:24","modified_gmt":"2012-08-29T00:43:24","slug":"aheyrnarprufur-fyrir-haustonn-2012","status":"publish","type":"post","link":"https:\/\/kor.hi.is\/?p=706","title":{"rendered":"\u00c1heyrnarprufur fyrir haust\u00f6nn 2012"},"content":{"rendered":"<p>N\u00fa \u00feegar n\u00fd \u00f6nn er a\u00f0 hefjast leitar H\u00e1sk\u00f3lak\u00f3rinn a\u00f0 hressu og metna\u00f0arfullu s\u00f6ngf\u00f3lki fyrir komandi vetur.<\/p>\n<p>H\u00e1sk\u00f3lak\u00f3rinn syngur og \u00e6fir af krafti en \u00ed \u00e1r er k\u00f3rinn 40 \u00e1ra og m\u00e1 \u00fev\u00ed b\u00faast vi\u00f0 vi\u00f0bur\u00f0ar\u00edku afm\u00e6lis\u00e1ri. K\u00f3rinn stendur einnig fyrir \u00f6flugu f\u00e9lagsstarfi \u00fear sem m.a. er fari\u00f0 \u00ed \u00e6fingab\u00fa\u00f0ir, haldin er \u00e1rsh\u00e1t\u00ed\u00f0 og fj\u00f6ldam\u00f6rg part\u00fd \u00e1samt \u00f6\u00f0rum skemmtunum.<\/p>\n<p>\u00c6fingar fara fram \u00e1 \u00feri\u00f0jud\u00f6gum og fimmtud\u00f6gum klukkan 17:15 &#8211; 19:30 \u00ed Neskirkju.<\/p>\n<div>RADDPRUFUR VER\u00d0A HALDNAR \u00cd NESKIRKJU, \u00deRI\u00d0JUDAGINN 4. SEPTEMBER KL. 17:00 OG MI\u00d0VIKUDAGINN 5.SEPTEMBER KL. 16:00.<\/div>\n<div>S\u00f6ngur b\u00e6tir, hressir og k\u00e6tir og \u00fev\u00ed hvetjum vi\u00f0 alla s\u00f6ngfugla til a\u00f0 m\u00e6ta og l\u00e1ta lj\u00f3s sitt sk\u00edna.<\/div>\n","protected":false},"excerpt":{"rendered":"<p>N\u00fa \u00feegar n\u00fd \u00f6nn er a\u00f0 hefjast leitar H\u00e1sk\u00f3lak\u00f3rinn a\u00f0 hressu og metna\u00f0arfullu s\u00f6ngf\u00f3lki fyrir komandi vetur. H\u00e1sk\u00f3lak\u00f3rinn syngur og \u00e6fir af krafti en \u00ed \u00e1r er k\u00f3rinn 40 \u00e1ra og m\u00e1 \u00fev\u00ed b\u00faast vi\u00f0 vi\u00f0bur\u00f0ar\u00edku afm\u00e6lis\u00e1ri. K\u00f3rinn stendur einnig fyrir \u00f6flugu f\u00e9lagsstarfi \u00fear sem m.a. er fari\u00f0 \u00ed \u00e6fingab\u00fa\u00f0ir, haldin er \u00e1rsh\u00e1t\u00ed\u00f0 og fj\u00f6ldam\u00f6rg &hellip; <\/p>\n<p class=\"link-more\"><a href=\"https:\/\/kor.hi.is\/?p=706\" class=\"more-link\">Lesa \u00e1fram<span class=\"screen-reader-text\"> &#8222;\u00c1heyrnarprufur fyrir haust\u00f6nn 2012&#8220;<\/span><\/a><\/p>\n","protected":false},"author":84,"featured_media":0,"comment_status":"open","ping_status":"closed","sticky":false,"template":"","format":"standard","meta":{"footnotes":""},"categories":[1],"tags":[],"class_list":["post-706","post","type-post","status-publish","format-standard","hentry","category-frettir"],"_links":{"self":[{"href":"https:\/\/kor.hi.is\/index.php?rest_route=\/wp\/v2\/posts\/706","targetHints":{"allow":["GET"]}}],"collection":[{"href":"https:\/\/kor.hi.is\/index.php?rest_route=\/wp\/v2\/posts"}],"about":[{"href":"https:\/\/kor.hi.is\/index.php?rest_route=\/wp\/v2\/types\/post"}],"author":[{"embeddable":true,"href":"https:\/\/kor.hi.is\/index.php?rest_route=\/wp\/v2\/users\/84"}],"replies":[{"embeddable":true,"href":"https:\/\/kor.hi.is\/index.php?rest_route=%2Fwp%2Fv2%2Fcomments&post=706"}],"version-history":[{"count":8,"href":"https:\/\/kor.hi.is\/index.php?rest_route=\/wp\/v2\/posts\/706\/revisions"}],"predecessor-version":[{"id":716,"href":"https:\/\/kor.hi.is\/index.php?rest_route=\/wp\/v2\/posts\/706\/revisions\/716"}],"wp:attachment":[{"href":"https:\/\/kor.hi.is\/index.php?rest_route=%2Fwp%2Fv2%2Fmedia&parent=706"}],"wp:term":[{"taxonomy":"category","embeddable":true,"href":"https:\/\/kor.hi.is\/index.php?rest_route=%2Fwp%2Fv2%2Fcategories&post=706"},{"taxonomy":"post_tag","embeddable":true,"href":"https:\/\/kor.hi.is\/index.php?rest_route=%2Fwp%2Fv2%2Ftags&post=706"}],"curies":[{"name":"wp","href":"https:\/\/api.w.org\/{rel}","templated":true}]}}