{"id":696,"date":"2012-07-24T17:36:49","date_gmt":"2012-07-24T17:36:49","guid":{"rendered":"http:\/\/kor.hi.is\/?p=696"},"modified":"2012-07-24T17:36:49","modified_gmt":"2012-07-24T17:36:49","slug":"haskolakorinn-i-sumardvala","status":"publish","type":"post","link":"https:\/\/kor.hi.is\/?p=696","title":{"rendered":"H\u00e1sk\u00f3lak\u00f3rinn \u00ed sumardvala"},"content":{"rendered":"<p>L\u00f6ngu og vi\u00f0bur\u00f0arr\u00edku k\u00f3r\u00e1ri lauk \u00feann 19. j\u00fal\u00ed sl. \u00feegar a\u00f0alfundur H\u00e1sk\u00f3lak\u00f3rsins var haldinn. \u00c1 \u00e1rinu hefur k\u00f3rinn komi\u00f0 fram \u00e1 fj\u00f6lm\u00f6rgum vi\u00f0bur\u00f0um, \u00e1samt \u00fev\u00ed a\u00f0 gefa \u00fat geisladiskinn \u00c1lfav\u00edsur og fer\u00f0ast \u00fat fyrir landsteinana. Starfsemin hefur sjaldan veri\u00f0 jafn vi\u00f0amikil eins og \u00feetta seinasta starfs\u00e1r.<\/p>\n<p>\u00c1 fundinum var kj\u00f6rin n\u00fd stj\u00f3rn. Fr\u00e1farandi stj\u00f3rn er \u00feakka\u00f0 fyrir fr\u00e1b\u00e6rlega unni\u00f0 starf s\u00e9r \u00ed lagi \u00feau sem st\u00f3\u00f0u vaktina \u00ed tv\u00f6 \u00e1r.<\/p>\n<p>N\u00fa leggst k\u00f3rinn \u00ed sumar-dvala sem ver\u00f0ur \u00fe\u00f3 me\u00f0 styttra m\u00f3ti \u00ed \u00e1r \u00fear sem seinasta k\u00f3r\u00e1r var \u00ed lengra lagi.<\/p>\n<p>K\u00f3rstarfi\u00f0 hefst aftur \u00ed lok \u00e1g\u00fast e\u00f0a byrjun september.<\/p>\n","protected":false},"excerpt":{"rendered":"<p>L\u00f6ngu og vi\u00f0bur\u00f0arr\u00edku k\u00f3r\u00e1ri lauk \u00feann 19. j\u00fal\u00ed sl. \u00feegar a\u00f0alfundur H\u00e1sk\u00f3lak\u00f3rsins var haldinn. \u00c1 \u00e1rinu hefur k\u00f3rinn komi\u00f0 fram \u00e1 fj\u00f6lm\u00f6rgum vi\u00f0bur\u00f0um, \u00e1samt \u00fev\u00ed a\u00f0 gefa \u00fat geisladiskinn \u00c1lfav\u00edsur og fer\u00f0ast \u00fat fyrir landsteinana. Starfsemin hefur sjaldan veri\u00f0 jafn vi\u00f0amikil eins og \u00feetta seinasta starfs\u00e1r. \u00c1 fundinum var kj\u00f6rin n\u00fd stj\u00f3rn. Fr\u00e1farandi stj\u00f3rn er &hellip; <\/p>\n<p class=\"link-more\"><a href=\"https:\/\/kor.hi.is\/?p=696\" class=\"more-link\">Lesa \u00e1fram<span class=\"screen-reader-text\"> &#8222;H\u00e1sk\u00f3lak\u00f3rinn \u00ed sumardvala&#8220;<\/span><\/a><\/p>\n","protected":false},"author":84,"featured_media":0,"comment_status":"open","ping_status":"closed","sticky":false,"template":"","format":"standard","meta":{"footnotes":""},"categories":[1],"tags":[],"class_list":["post-696","post","type-post","status-publish","format-standard","hentry","category-frettir"],"_links":{"self":[{"href":"https:\/\/kor.hi.is\/index.php?rest_route=\/wp\/v2\/posts\/696","targetHints":{"allow":["GET"]}}],"collection":[{"href":"https:\/\/kor.hi.is\/index.php?rest_route=\/wp\/v2\/posts"}],"about":[{"href":"https:\/\/kor.hi.is\/index.php?rest_route=\/wp\/v2\/types\/post"}],"author":[{"embeddable":true,"href":"https:\/\/kor.hi.is\/index.php?rest_route=\/wp\/v2\/users\/84"}],"replies":[{"embeddable":true,"href":"https:\/\/kor.hi.is\/index.php?rest_route=%2Fwp%2Fv2%2Fcomments&post=696"}],"version-history":[{"count":1,"href":"https:\/\/kor.hi.is\/index.php?rest_route=\/wp\/v2\/posts\/696\/revisions"}],"predecessor-version":[{"id":699,"href":"https:\/\/kor.hi.is\/index.php?rest_route=\/wp\/v2\/posts\/696\/revisions\/699"}],"wp:attachment":[{"href":"https:\/\/kor.hi.is\/index.php?rest_route=%2Fwp%2Fv2%2Fmedia&parent=696"}],"wp:term":[{"taxonomy":"category","embeddable":true,"href":"https:\/\/kor.hi.is\/index.php?rest_route=%2Fwp%2Fv2%2Fcategories&post=696"},{"taxonomy":"post_tag","embeddable":true,"href":"https:\/\/kor.hi.is\/index.php?rest_route=%2Fwp%2Fv2%2Ftags&post=696"}],"curies":[{"name":"wp","href":"https:\/\/api.w.org\/{rel}","templated":true}]}}