{"id":667,"date":"2012-01-31T16:09:17","date_gmt":"2012-01-31T16:09:17","guid":{"rendered":"http:\/\/kor.hi.is\/?p=667"},"modified":"2012-01-31T16:18:38","modified_gmt":"2012-01-31T16:18:38","slug":"auka-adalfundur-26-januar","status":"publish","type":"post","link":"https:\/\/kor.hi.is\/?p=667","title":{"rendered":"Auka a\u00f0alfundur 26. jan\u00faar."},"content":{"rendered":"<p>Haldinn var auka a\u00f0alfundur \u00feann 26. jan\u00faar sl. \u00ed Neskirkju. N\u00fa hafa teki\u00f0 til starfa n\u00fdr forma\u00f0ur (Edda \u00d3sk) og varaforma\u00f0ur (Birna Hl\u00edn). \u00dear a\u00f0 auki t\u00f3k Margr\u00e9t vi\u00f0 af Gu\u00f0r\u00fanu Ingu \u00ed fer\u00f0anefnd, Atli Steinn og Sigr\u00ed\u00f0ur gengu til li\u00f0s vi\u00f0 fj\u00e1r\u00f6flunarnefnd og Brynd\u00eds og Hei\u00f0a Bj\u00f6rk eru komnar \u00ed kaffinefnd. Uppf\u00e6r\u00f0an nefnda og stj\u00f3rnar lista er n\u00fa a\u00f0 finna h\u00e9r \u00e1 heimas\u00ed\u00f0unni undir H\u00e1sk\u00f3lak\u00f3rinn.<br \/>\nA\u00f0 lokum viljum vi\u00f0 \u00feakka Hugr\u00fanu Fj\u00f3lu fyrrverandi formanni fyrir vel unnin st\u00f6rf!<\/p>\n","protected":false},"excerpt":{"rendered":"<p>Haldinn var auka a\u00f0alfundur \u00feann 26. jan\u00faar sl. \u00ed Neskirkju. N\u00fa hafa teki\u00f0 til starfa n\u00fdr forma\u00f0ur (Edda \u00d3sk) og varaforma\u00f0ur (Birna Hl\u00edn). \u00dear a\u00f0 auki t\u00f3k Margr\u00e9t vi\u00f0 af Gu\u00f0r\u00fanu Ingu \u00ed fer\u00f0anefnd, Atli Steinn og Sigr\u00ed\u00f0ur gengu til li\u00f0s vi\u00f0 fj\u00e1r\u00f6flunarnefnd og Brynd\u00eds og Hei\u00f0a Bj\u00f6rk eru komnar \u00ed kaffinefnd. Uppf\u00e6r\u00f0an nefnda og &hellip; <\/p>\n<p class=\"link-more\"><a href=\"https:\/\/kor.hi.is\/?p=667\" class=\"more-link\">Lesa \u00e1fram<span class=\"screen-reader-text\"> &#8222;Auka a\u00f0alfundur 26. jan\u00faar.&#8220;<\/span><\/a><\/p>\n","protected":false},"author":84,"featured_media":0,"comment_status":"open","ping_status":"closed","sticky":false,"template":"","format":"standard","meta":{"footnotes":""},"categories":[1],"tags":[],"class_list":["post-667","post","type-post","status-publish","format-standard","hentry","category-frettir"],"_links":{"self":[{"href":"https:\/\/kor.hi.is\/index.php?rest_route=\/wp\/v2\/posts\/667","targetHints":{"allow":["GET"]}}],"collection":[{"href":"https:\/\/kor.hi.is\/index.php?rest_route=\/wp\/v2\/posts"}],"about":[{"href":"https:\/\/kor.hi.is\/index.php?rest_route=\/wp\/v2\/types\/post"}],"author":[{"embeddable":true,"href":"https:\/\/kor.hi.is\/index.php?rest_route=\/wp\/v2\/users\/84"}],"replies":[{"embeddable":true,"href":"https:\/\/kor.hi.is\/index.php?rest_route=%2Fwp%2Fv2%2Fcomments&post=667"}],"version-history":[{"count":4,"href":"https:\/\/kor.hi.is\/index.php?rest_route=\/wp\/v2\/posts\/667\/revisions"}],"predecessor-version":[{"id":671,"href":"https:\/\/kor.hi.is\/index.php?rest_route=\/wp\/v2\/posts\/667\/revisions\/671"}],"wp:attachment":[{"href":"https:\/\/kor.hi.is\/index.php?rest_route=%2Fwp%2Fv2%2Fmedia&parent=667"}],"wp:term":[{"taxonomy":"category","embeddable":true,"href":"https:\/\/kor.hi.is\/index.php?rest_route=%2Fwp%2Fv2%2Fcategories&post=667"},{"taxonomy":"post_tag","embeddable":true,"href":"https:\/\/kor.hi.is\/index.php?rest_route=%2Fwp%2Fv2%2Ftags&post=667"}],"curies":[{"name":"wp","href":"https:\/\/api.w.org\/{rel}","templated":true}]}}