{"id":646,"date":"2012-01-10T14:12:06","date_gmt":"2012-01-10T14:12:06","guid":{"rendered":"http:\/\/kor.hi.is\/?p=646"},"modified":"2012-01-10T14:12:06","modified_gmt":"2012-01-10T14:12:06","slug":"aheyrnarprufur-fyrir-haskolakorinnauditions-for-the-university-choir","status":"publish","type":"post","link":"https:\/\/kor.hi.is\/?p=646","title":{"rendered":"\u00c1heyrnarprufur fyrir H\u00e1sk\u00f3lak\u00f3rinn\/Auditions for the University Choir"},"content":{"rendered":"<table cellspacing=\"0\" cellpadding=\"0\">\n<tbody>\n<tr>\n<td>\n<div id=\"id_4f0c46b8ac35e5713204558\">\nK\u00e6ru s\u00f6ngfuglar!<\/p>\n<p>N\u00fa \u00feegar n\u00fd \u00f6nn er a\u00f0 hefjast leitar H\u00e1sk\u00f3lak\u00f3rinn a\u00f0 hressu og<br \/>\nmetna\u00f0arfullu f\u00f3lki til a\u00f0 b\u00e6tast \u00ed h\u00f3pinn.<\/p>\n<p>RADDPRUFUR VER\u00d0A HALDNAR \u00cd NESKIRKJU,<br \/>\nFIMMTUDAGINN 12. JAN\u00daAR KL. 17:00.<\/p>\n<p>H\u00e1sk\u00f3lak\u00f3rinn syngur og \u00e6fir af krafti en k\u00f3rinn stendur einnig fyrir<br \/>\n\u00f6flugu f\u00e9lagsstarfi \u00fear sem m.a. er fari\u00f0 \u00ed \u00e6fingab\u00fa\u00f0ir, \u00e1rsh\u00e1t\u00ed\u00f0 er<br \/>\nhaldin og fj\u00f6ldi annarra skemmtana eiga s\u00e9r sta\u00f0.<\/p>\n<p>K\u00f3rinn heldur \u00ed vetur upp \u00e1 40 \u00e1ra starfsafm\u00e6li sitt og m\u00e1 \u00fev\u00ed b\u00faast vi\u00f0 vi\u00f0bur\u00f0ar\u00edku \u00e1ri og ver\u00f0ur til a\u00f0 mynda fari\u00f0 \u00ed utanlandsfer\u00f0 til Austurr\u00edkis og Ungverjalands \u00ed vor.<\/p>\n<p>\u00c6fingar fara fram \u00e1 \u00feri\u00f0jud\u00f6gum og fimmtud\u00f6gum klukkan 17:15 \u00ed Neskirkju.<\/p>\n<p>S\u00f6ngur b\u00e6tir, hressir og k\u00e6tir og \u00fev\u00ed hvetjum vi\u00f0 alla s\u00f6ngfugla til a\u00f0<br \/>\nm\u00e6ta og l\u00e1ta lj\u00f3s sitt sk\u00edna.<\/p>\n<p>Vi\u00f0 bendum \u00e1hugas\u00f6mum \u00e1 t\u00f6lvup\u00f3stinn okkar h\u00e9r a\u00f0 ne\u00f0an og \u00e1\u00a0Facebook- s\u00ed\u00f0una okkar<br \/>\n<a href=\"http:\/\/www.facebook.com\/pages\/H%C3%A1sk%C3%B3lak%C3%B3rinn\/149428359834?ref=ts\" rel=\"nofollow\" target=\"_blank\">http:\/\/www.facebook.com\/<wbr>pages\/H\u00e1sk\u00f3lak\u00f3rinn\/<wbr>149428359834?ref=ts<\/wbr><\/wbr><\/a>\u00a0til a\u00f0 n\u00e1lgast frekari uppl\u00fdsingar.<\/p>\n<p>ENGLISH:<br \/>\nThe University Choir is looking for new members for this semester.<\/p>\n<p>AUDITIONS FOR THE CHOIR WILL BE IN NESKIRKJA the 12TH OF JANUARY AT 17:00.<\/p>\n<p>As well as singing and practicing together we also throw the best parties and are extremely fun people to be around. This spring we will also go abroad singing in Austria and Hungary.<\/p>\n<p>Choir rehearsals are on Tuesdays and Thursdays at 17:15 in Neskirkja.<\/p>\n<p>We encourage all song loving to come and let their light shine.<\/p>\n<p>Those who are interested can also send us an e-mail (can find it on the bottom of the page) or have a look at our Facebook- page<br \/>\n<a href=\"http:\/\/www.facebook.com\/pages\/H%C3%A1sk%C3%B3lak%C3%B3rinn\/149428359834?ref=ts\" rel=\"nofollow\" target=\"_blank\">http:\/\/www.facebook.com\/<wbr>pages\/H\u00e1sk\u00f3lak\u00f3rinn\/<wbr>149428359834?ref=ts<\/wbr><\/wbr><\/a>\u00a0for more<br \/>\ninformations.<\/div>\n<\/td>\n<\/tr>\n<\/tbody>\n<\/table>\n","protected":false},"excerpt":{"rendered":"<p>K\u00e6ru s\u00f6ngfuglar! N\u00fa \u00feegar n\u00fd \u00f6nn er a\u00f0 hefjast leitar H\u00e1sk\u00f3lak\u00f3rinn a\u00f0 hressu og metna\u00f0arfullu f\u00f3lki til a\u00f0 b\u00e6tast \u00ed h\u00f3pinn. RADDPRUFUR VER\u00d0A HALDNAR \u00cd NESKIRKJU, FIMMTUDAGINN 12. JAN\u00daAR KL. 17:00. H\u00e1sk\u00f3lak\u00f3rinn syngur og \u00e6fir af krafti en k\u00f3rinn stendur einnig fyrir \u00f6flugu f\u00e9lagsstarfi \u00fear sem m.a. er fari\u00f0 \u00ed \u00e6fingab\u00fa\u00f0ir, \u00e1rsh\u00e1t\u00ed\u00f0 er haldin og &hellip; <\/p>\n<p class=\"link-more\"><a href=\"https:\/\/kor.hi.is\/?p=646\" class=\"more-link\">Lesa \u00e1fram<span class=\"screen-reader-text\"> &#8222;\u00c1heyrnarprufur fyrir H\u00e1sk\u00f3lak\u00f3rinn\/Auditions for the University Choir&#8220;<\/span><\/a><\/p>\n","protected":false},"author":84,"featured_media":0,"comment_status":"open","ping_status":"closed","sticky":false,"template":"","format":"standard","meta":{"footnotes":""},"categories":[1],"tags":[],"class_list":["post-646","post","type-post","status-publish","format-standard","hentry","category-frettir"],"_links":{"self":[{"href":"https:\/\/kor.hi.is\/index.php?rest_route=\/wp\/v2\/posts\/646","targetHints":{"allow":["GET"]}}],"collection":[{"href":"https:\/\/kor.hi.is\/index.php?rest_route=\/wp\/v2\/posts"}],"about":[{"href":"https:\/\/kor.hi.is\/index.php?rest_route=\/wp\/v2\/types\/post"}],"author":[{"embeddable":true,"href":"https:\/\/kor.hi.is\/index.php?rest_route=\/wp\/v2\/users\/84"}],"replies":[{"embeddable":true,"href":"https:\/\/kor.hi.is\/index.php?rest_route=%2Fwp%2Fv2%2Fcomments&post=646"}],"version-history":[{"count":1,"href":"https:\/\/kor.hi.is\/index.php?rest_route=\/wp\/v2\/posts\/646\/revisions"}],"predecessor-version":[{"id":647,"href":"https:\/\/kor.hi.is\/index.php?rest_route=\/wp\/v2\/posts\/646\/revisions\/647"}],"wp:attachment":[{"href":"https:\/\/kor.hi.is\/index.php?rest_route=%2Fwp%2Fv2%2Fmedia&parent=646"}],"wp:term":[{"taxonomy":"category","embeddable":true,"href":"https:\/\/kor.hi.is\/index.php?rest_route=%2Fwp%2Fv2%2Fcategories&post=646"},{"taxonomy":"post_tag","embeddable":true,"href":"https:\/\/kor.hi.is\/index.php?rest_route=%2Fwp%2Fv2%2Ftags&post=646"}],"curies":[{"name":"wp","href":"https:\/\/api.w.org\/{rel}","templated":true}]}}