{"id":639,"date":"2011-11-21T16:59:59","date_gmt":"2011-11-21T16:59:59","guid":{"rendered":"http:\/\/kor.hi.is\/?p=639"},"modified":"2011-11-21T16:59:59","modified_gmt":"2011-11-21T16:59:59","slug":"hausttonleikar-haskolakorsins-fall-concert-of-the-university-choir","status":"publish","type":"post","link":"https:\/\/kor.hi.is\/?p=639","title":{"rendered":"Haustt\u00f3nleikar H\u00e1sk\u00f3lak\u00f3rsins \/ Fall concert of the University Choir"},"content":{"rendered":"<p>&#8212;English version below&#8212;<\/p>\n<p>H\u00e1sk\u00f3lak\u00f3rinn mun halda haustt\u00f3nleika s\u00edna fimmtudaginn 24. n\u00f3vember kl. 20:00 \u00ed Neskirkju. <\/p>\n<p>\u00c1 efnisskr\u00e1nni eru me\u00f0al annars Lobet den Herrn alle Heiden eftir Bach, frelsiss\u00e1lmar, ungversk l\u00f6g \u00e1samt \u00edslenskum s\u00e1lmum og lj\u00f3\u00f0um. <\/p>\n<p>Almennt mi\u00f0aver\u00f0 er 2.500 kr\u00f3nur. Mi\u00f0aver\u00f0 fyrir nema, \u00f6ryrkja og eldri borgara er 1.500 kr\u00f3nur. <\/p>\n<p>Mi\u00f0asala fer fram \u00ed gegnum k\u00f3rme\u00f0limi og \u00e1 kor@hi.is<\/p>\n<p>\u00c1 t\u00f3nleikadaginn mun H\u00e1sk\u00f3lak\u00f3rinn gefa \u00fat geisladisk sem unni\u00f0 hefur veri\u00f0 a\u00f0 s\u00ed\u00f0astli\u00f0in 4 \u00e1r. Geisladiskur \u00feessi er gefinn \u00fat \u00ed tilefni af 40 \u00e1ra starfsafm\u00e6li k\u00f3rsins sem og 100 \u00e1ra afm\u00e6li H\u00e1sk\u00f3la \u00cdslands. Geisladiskurinn ver\u00f0ur til s\u00f6lu \u00e1 t\u00f3nleikunum.<\/p>\n<p>Ekki l\u00e1ta \u00feennan magna\u00f0a vi\u00f0bur\u00f0 framhj\u00e1 ykkur fara!<\/p>\n<p>http:\/\/www.facebook.com\/event.php?eid=128298823946168&#038;ref=ts<\/p>\n<p>&#8212;English version&#8212;<\/p>\n<p>The University choir is hosting its fall concert Thursday the 24th of November at 20:00 in Neskirkja.<\/p>\n<p>The Choir will be singing Lobet den Herrn alle Heiden by Bach, freedom songs, hungarian songs and also icelandic psalms and poets.<\/p>\n<p>Ticket price is 2.500 kr\u00f3nur. Ticket price for students, senior citizens is 1.500 kr\u00f3nur.<\/p>\n<p>Tickets are available by any choir member and at kor@hi.is.<\/p>\n<p>You won&#8217;t want to miss this amazing event!<\/p>\n<p>http:\/\/www.facebook.com\/event.php?eid=128298823946168&#038;ref=ts<\/p>\n","protected":false},"excerpt":{"rendered":"<p>&#8212;English version below&#8212; H\u00e1sk\u00f3lak\u00f3rinn mun halda haustt\u00f3nleika s\u00edna fimmtudaginn 24. n\u00f3vember kl. 20:00 \u00ed Neskirkju. \u00c1 efnisskr\u00e1nni eru me\u00f0al annars Lobet den Herrn alle Heiden eftir Bach, frelsiss\u00e1lmar, ungversk l\u00f6g \u00e1samt \u00edslenskum s\u00e1lmum og lj\u00f3\u00f0um. Almennt mi\u00f0aver\u00f0 er 2.500 kr\u00f3nur. Mi\u00f0aver\u00f0 fyrir nema, \u00f6ryrkja og eldri borgara er 1.500 kr\u00f3nur. Mi\u00f0asala fer fram \u00ed gegnum &hellip; <\/p>\n<p class=\"link-more\"><a href=\"https:\/\/kor.hi.is\/?p=639\" class=\"more-link\">Lesa \u00e1fram<span class=\"screen-reader-text\"> &#8222;Haustt\u00f3nleikar H\u00e1sk\u00f3lak\u00f3rsins \/ Fall concert of the University Choir&#8220;<\/span><\/a><\/p>\n","protected":false},"author":84,"featured_media":0,"comment_status":"open","ping_status":"closed","sticky":false,"template":"","format":"standard","meta":{"footnotes":""},"categories":[1],"tags":[],"class_list":["post-639","post","type-post","status-publish","format-standard","hentry","category-frettir"],"_links":{"self":[{"href":"https:\/\/kor.hi.is\/index.php?rest_route=\/wp\/v2\/posts\/639","targetHints":{"allow":["GET"]}}],"collection":[{"href":"https:\/\/kor.hi.is\/index.php?rest_route=\/wp\/v2\/posts"}],"about":[{"href":"https:\/\/kor.hi.is\/index.php?rest_route=\/wp\/v2\/types\/post"}],"author":[{"embeddable":true,"href":"https:\/\/kor.hi.is\/index.php?rest_route=\/wp\/v2\/users\/84"}],"replies":[{"embeddable":true,"href":"https:\/\/kor.hi.is\/index.php?rest_route=%2Fwp%2Fv2%2Fcomments&post=639"}],"version-history":[{"count":1,"href":"https:\/\/kor.hi.is\/index.php?rest_route=\/wp\/v2\/posts\/639\/revisions"}],"predecessor-version":[{"id":640,"href":"https:\/\/kor.hi.is\/index.php?rest_route=\/wp\/v2\/posts\/639\/revisions\/640"}],"wp:attachment":[{"href":"https:\/\/kor.hi.is\/index.php?rest_route=%2Fwp%2Fv2%2Fmedia&parent=639"}],"wp:term":[{"taxonomy":"category","embeddable":true,"href":"https:\/\/kor.hi.is\/index.php?rest_route=%2Fwp%2Fv2%2Fcategories&post=639"},{"taxonomy":"post_tag","embeddable":true,"href":"https:\/\/kor.hi.is\/index.php?rest_route=%2Fwp%2Fv2%2Ftags&post=639"}],"curies":[{"name":"wp","href":"https:\/\/api.w.org\/{rel}","templated":true}]}}