{"id":553,"date":"2011-08-25T18:15:40","date_gmt":"2011-08-25T18:15:40","guid":{"rendered":"http:\/\/kor.hi.is\/?p=553"},"modified":"2011-08-25T18:15:40","modified_gmt":"2011-08-25T18:15:40","slug":"inntokuprof-haskolakorsins-the-university-choir-auditions","status":"publish","type":"post","link":"https:\/\/kor.hi.is\/?p=553","title":{"rendered":"Innt\u00f6kupr\u00f3f H\u00e1sk\u00f3lak\u00f3rsins \/ The University Choir Auditions"},"content":{"rendered":"<p>&#8212;English below&#8212;<\/p>\n<p>N\u00fa \u00feegar n\u00fd \u00f6nn er a\u00f0 hefjast leitar H\u00e1sk\u00f3lak\u00f3rinn a\u00f0 hressu og metna\u00f0arfullu f\u00f3lki fyrir komandi vetur.<\/p>\n<p>H\u00e1sk\u00f3lak\u00f3rinn syngur og \u00e6fir af krafti en k\u00f3rinn stendur einnig fyrir \u00f6flugu f\u00e9lagsstarfi \u00fear sem m.a. er fari\u00f0 \u00ed \u00e6fingab\u00fa\u00f0ir, \u00e1rsh\u00e1t\u00ed\u00f0 er haldin og fj\u00f6ldi annarra skemmtana eiga s\u00e9r sta\u00f0.<\/p>\n<p>K\u00f3rinn heldur \u00ed vetur upp \u00e1 40 \u00e1ra starfsafm\u00e6li sitt og m\u00e1 \u00fev\u00ed b\u00faast vi\u00f0 vi\u00f0bur\u00f0ar\u00edku \u00e1ri. Me\u00f0al annars mun k\u00f3rinn syngja \u00ed H\u00f6rpunni og fara erlendis.<\/p>\n<p>\u00c6fingar fara fram \u00e1 \u00feri\u00f0jud\u00f6gum og fimmtud\u00f6gum klukkan 17:15 \u00ed Neskirkju.<\/p>\n<p>RADDPRUFUR VER\u00d0A HALDNAR \u00cd NESKIRKJU, 2. OG 6. SEPTEMBER KLUKKAN 17:00.<\/p>\n<p>S\u00f6ngur b\u00e6tir, hressir og k\u00e6tir og \u00fev\u00ed hvetjum vi\u00f0 alla s\u00f6ngfugla til a\u00f0 m\u00e6ta og l\u00e1ta lj\u00f3s sitt sk\u00edna.<\/p>\n<p>Endilega l\u00e1ti\u00f0 berast til sem flestra \ud83d\ude42<\/p>\n<p>&#8212;&#8212;&#8212;&#8212;&#8212;&#8212;&#8212;&#8212;&#8211;<\/p>\n<p>The University Choir is looking for new members for next school year.<\/p>\n<p>As well as singing and practicing together we also throw the best parties and are extremely fun people to be around.<\/p>\n<p>Choir rehersals are on Tuesdays and Thursdays at 17:15 in Neskirkja.<\/p>\n<p>AUDITIONS FOR THE CHOIR WILL BE IN NESKIRKJA, 2ND AND 6TH OF SEPTEMBER AT 17:00.<\/p>\n<p>We encourage all song loving to come and let their light shine.<\/p>\n","protected":false},"excerpt":{"rendered":"<p>&#8212;English below&#8212; N\u00fa \u00feegar n\u00fd \u00f6nn er a\u00f0 hefjast leitar H\u00e1sk\u00f3lak\u00f3rinn a\u00f0 hressu og metna\u00f0arfullu f\u00f3lki fyrir komandi vetur. H\u00e1sk\u00f3lak\u00f3rinn syngur og \u00e6fir af krafti en k\u00f3rinn stendur einnig fyrir \u00f6flugu f\u00e9lagsstarfi \u00fear sem m.a. er fari\u00f0 \u00ed \u00e6fingab\u00fa\u00f0ir, \u00e1rsh\u00e1t\u00ed\u00f0 er haldin og fj\u00f6ldi annarra skemmtana eiga s\u00e9r sta\u00f0. K\u00f3rinn heldur \u00ed vetur upp \u00e1 &hellip; <\/p>\n<p class=\"link-more\"><a href=\"https:\/\/kor.hi.is\/?p=553\" class=\"more-link\">Lesa \u00e1fram<span class=\"screen-reader-text\"> &#8222;Innt\u00f6kupr\u00f3f H\u00e1sk\u00f3lak\u00f3rsins \/ The University Choir Auditions&#8220;<\/span><\/a><\/p>\n","protected":false},"author":84,"featured_media":0,"comment_status":"open","ping_status":"closed","sticky":false,"template":"","format":"standard","meta":{"footnotes":""},"categories":[1],"tags":[],"class_list":["post-553","post","type-post","status-publish","format-standard","hentry","category-frettir"],"_links":{"self":[{"href":"https:\/\/kor.hi.is\/index.php?rest_route=\/wp\/v2\/posts\/553","targetHints":{"allow":["GET"]}}],"collection":[{"href":"https:\/\/kor.hi.is\/index.php?rest_route=\/wp\/v2\/posts"}],"about":[{"href":"https:\/\/kor.hi.is\/index.php?rest_route=\/wp\/v2\/types\/post"}],"author":[{"embeddable":true,"href":"https:\/\/kor.hi.is\/index.php?rest_route=\/wp\/v2\/users\/84"}],"replies":[{"embeddable":true,"href":"https:\/\/kor.hi.is\/index.php?rest_route=%2Fwp%2Fv2%2Fcomments&post=553"}],"version-history":[{"count":1,"href":"https:\/\/kor.hi.is\/index.php?rest_route=\/wp\/v2\/posts\/553\/revisions"}],"predecessor-version":[{"id":554,"href":"https:\/\/kor.hi.is\/index.php?rest_route=\/wp\/v2\/posts\/553\/revisions\/554"}],"wp:attachment":[{"href":"https:\/\/kor.hi.is\/index.php?rest_route=%2Fwp%2Fv2%2Fmedia&parent=553"}],"wp:term":[{"taxonomy":"category","embeddable":true,"href":"https:\/\/kor.hi.is\/index.php?rest_route=%2Fwp%2Fv2%2Fcategories&post=553"},{"taxonomy":"post_tag","embeddable":true,"href":"https:\/\/kor.hi.is\/index.php?rest_route=%2Fwp%2Fv2%2Ftags&post=553"}],"curies":[{"name":"wp","href":"https:\/\/api.w.org\/{rel}","templated":true}]}}