{"id":519,"date":"2011-03-28T16:22:25","date_gmt":"2011-03-28T16:22:25","guid":{"rendered":"http:\/\/kor.hi.is\/?p=519"},"modified":"2011-03-28T16:22:25","modified_gmt":"2011-03-28T16:22:25","slug":"ny-verkefni-framundan-new-projects-ahead","status":"publish","type":"post","link":"https:\/\/kor.hi.is\/?p=519","title":{"rendered":"N\u00fd verkefni framundan! \/ New projects ahead!"},"content":{"rendered":"<p>&#8212;English below&#8212;<\/p>\n<p>\u00de\u00e1 hefur H\u00e1sk\u00f3lak\u00f3rinn loki\u00f0 flutningi s\u00ednum \u00e1 Carmina Burana \u00e1samt Ungf\u00f3n\u00edunni. H\u00e1sk\u00f3lak\u00f3rinn st\u00f3\u00f0 sig me\u00f0 stakri pr\u00fd\u00f0i og hefur fengi\u00f0 miki\u00f0 hr\u00f3s fyrir sinn hlut \u00ed verkinu. K\u00f3rinn var s\u00e1ttur vi\u00f0 sitt framlag og \u00feakkar \u00f6llum \u00feeim sem st\u00f3\u00f0u a\u00f0 baki honum \u00e1samt \u00fev\u00ed a\u00f0 \u00feakka \u00f6llum \u00feeim sem m\u00e6ttu \u00e1 t\u00f3nleikana.<\/p>\n<p>\u00der\u00e1tt fyrir a\u00f0 \u00feessu st\u00f3ra verkefni s\u00e9 loki\u00f0 er ekki \u00fear me\u00f0 sagt a\u00f0 starfs\u00e1ri H\u00e1sk\u00f3lak\u00f3rsins s\u00e9 loki\u00f0. N\u00fana hefur k\u00f3rinn teki\u00f0 n\u00f3tur s\u00ednar upp \u00e1 n\u00fdjan leik og hafi\u00f0 raust s\u00edna af fullum krafti.<\/p>\n<p>\u00cd ma\u00ed stefnir k\u00f3rinn vestur \u00e1 land til a\u00f0 s\u00fdna Vestfir\u00f0ingum s\u00f6ngsnilli s\u00edna og a\u00f0ra h\u00e6fileika. H\u00e1sk\u00f3lak\u00f3rinn \u00e6fir \u00fev\u00ed af fullum krafti \u00fev\u00ed ekki vill hann valda Vestfjar\u00f0arv\u00edkingum neinum vonbrig\u00f0um. Ekki er \u00fe\u00f3 talin h\u00e6tta \u00e1 a\u00f0 \u00fea\u00f0 muni gerast. Meiri uppl\u00fdsingar koma s\u00ed\u00f0ar um \u00feessa sva\u00f0ilf\u00f6r H\u00e1sk\u00f3lak\u00f3rsins.<\/p>\n<p>Bi\u00f0jum a\u00f0 heilsa \u00e1 bili!<\/p>\n<p>H\u00e1sk\u00f3lak\u00f3rinn<\/p>\n<p>&#8212;English&#8212;<\/p>\n<p>The University Choir has now finished perfoming Carmina Burana with the Youth Orchestra. The Choir did that with much pride and there have been high voices of its great performances. The Choir wants to thank everyone who has helped us make this dream come true and also wants to thank everyone who came to our concerts.<\/p>\n<p>Although our biggest assignment this year has come to an end the University Choir has not stopped singing. We have started rehearsing again and new projects are in our hands. We are singing outloud and with much confidence.<\/p>\n<p>In May the Choir sets its goal on the Westfjords. We are heading there for a concert-springtrip and we are really looking forward to it. We are going to reahears until then with our heads held up so we won\u00b4t fail the Westfjordwikings.<\/p>\n<p>That&#8217;s it for now. Best regards,<\/p>\n<p>The University Choir<\/p>\n","protected":false},"excerpt":{"rendered":"<p>&#8212;English below&#8212; \u00de\u00e1 hefur H\u00e1sk\u00f3lak\u00f3rinn loki\u00f0 flutningi s\u00ednum \u00e1 Carmina Burana \u00e1samt Ungf\u00f3n\u00edunni. H\u00e1sk\u00f3lak\u00f3rinn st\u00f3\u00f0 sig me\u00f0 stakri pr\u00fd\u00f0i og hefur fengi\u00f0 miki\u00f0 hr\u00f3s fyrir sinn hlut \u00ed verkinu. K\u00f3rinn var s\u00e1ttur vi\u00f0 sitt framlag og \u00feakkar \u00f6llum \u00feeim sem st\u00f3\u00f0u a\u00f0 baki honum \u00e1samt \u00fev\u00ed a\u00f0 \u00feakka \u00f6llum \u00feeim sem m\u00e6ttu \u00e1 t\u00f3nleikana. \u00der\u00e1tt &hellip; <\/p>\n<p class=\"link-more\"><a href=\"https:\/\/kor.hi.is\/?p=519\" class=\"more-link\">Lesa \u00e1fram<span class=\"screen-reader-text\"> &#8222;N\u00fd verkefni framundan! \/ New projects ahead!&#8220;<\/span><\/a><\/p>\n","protected":false},"author":84,"featured_media":0,"comment_status":"open","ping_status":"closed","sticky":false,"template":"","format":"standard","meta":{"footnotes":""},"categories":[1],"tags":[],"class_list":["post-519","post","type-post","status-publish","format-standard","hentry","category-frettir"],"_links":{"self":[{"href":"https:\/\/kor.hi.is\/index.php?rest_route=\/wp\/v2\/posts\/519","targetHints":{"allow":["GET"]}}],"collection":[{"href":"https:\/\/kor.hi.is\/index.php?rest_route=\/wp\/v2\/posts"}],"about":[{"href":"https:\/\/kor.hi.is\/index.php?rest_route=\/wp\/v2\/types\/post"}],"author":[{"embeddable":true,"href":"https:\/\/kor.hi.is\/index.php?rest_route=\/wp\/v2\/users\/84"}],"replies":[{"embeddable":true,"href":"https:\/\/kor.hi.is\/index.php?rest_route=%2Fwp%2Fv2%2Fcomments&post=519"}],"version-history":[{"count":1,"href":"https:\/\/kor.hi.is\/index.php?rest_route=\/wp\/v2\/posts\/519\/revisions"}],"predecessor-version":[{"id":520,"href":"https:\/\/kor.hi.is\/index.php?rest_route=\/wp\/v2\/posts\/519\/revisions\/520"}],"wp:attachment":[{"href":"https:\/\/kor.hi.is\/index.php?rest_route=%2Fwp%2Fv2%2Fmedia&parent=519"}],"wp:term":[{"taxonomy":"category","embeddable":true,"href":"https:\/\/kor.hi.is\/index.php?rest_route=%2Fwp%2Fv2%2Fcategories&post=519"},{"taxonomy":"post_tag","embeddable":true,"href":"https:\/\/kor.hi.is\/index.php?rest_route=%2Fwp%2Fv2%2Ftags&post=519"}],"curies":[{"name":"wp","href":"https:\/\/api.w.org\/{rel}","templated":true}]}}