{"id":510,"date":"2011-03-01T16:48:07","date_gmt":"2011-03-01T16:48:07","guid":{"rendered":"http:\/\/kor.hi.is\/?p=510"},"modified":"2011-03-02T18:10:42","modified_gmt":"2011-03-02T18:10:42","slug":"o-fortuna-2","status":"publish","type":"post","link":"https:\/\/kor.hi.is\/?p=510","title":{"rendered":"O Fortuna!"},"content":{"rendered":"<p>English below<\/p>\n<p>&#8212;&#8212;&#8212;&#8211;<\/p>\n<p>H\u00e1sk\u00f3lak\u00f3rinn og Sinf\u00f3n\u00eduhlj\u00f3msveit unga f\u00f3lksins munu halda t\u00f3nleika \u00ed\u00a0Langholtskirkju dagana 5. og 6. mars kl. 17 og 7. mars kl. 20. \u00deessi flotti h\u00f3pur\u00a0ungmenna mun flytja hi\u00f0 v\u00ed\u00f0fr\u00e6ga verk Carl Orffs, Carmina Burana undir\u00a0stj\u00f3rn Gunnsteins \u00d3lafssonar. Auk \u00feess mun Ungf\u00f3n\u00edan flytja fi\u00f0lukonsert\u00a0eftir Haydn.<\/p>\n<p>Eins\u00f6ngvarar ver\u00f0a, Bylgja D\u00eds Gunnarsd\u00f3ttir s\u00f3pran, P\u00e9tur \u00dalfarsson\u00a0drengs\u00f3pran, Hl\u00f6\u00f0ver Sigur\u00f0sson ten\u00f3r og J\u00f3n Svavar J\u00f3sefsson bar\u00edt\u00f3nn,\u00a0einleikari \u00e1 fi\u00f0lu ver\u00f0ur Gunnhildur Da\u00f0ad\u00f3ttir.<\/p>\n<p>Forsala a\u00f0g\u00f6ngumi\u00f0a \u00e1 <a href=\"file:\/\/localhost\/sqmail\/src\/compose.php\">kor@hi.is<\/a>, \u00ed s\u00edma 823-7888 e\u00f0a hj\u00e1 me\u00f0limum\u00a0H\u00e1sk\u00f3lak\u00f3rsins og Ungf\u00f3n\u00edunnar<\/p>\n<p>Almennt mi\u00f0aver\u00f0: 3.000 kr.\u00a0Eldri borgarar\/ nemar\/ \u00f6ryrkjar: 2.000 kr.<\/p>\n<p>&#8212;&#8212;&#8212;&#8211;<\/p>\n<p>University Choir and Youth Orchestra perform in Langholtskirkja\u00a0Carl Orff: CARMINA BURANA and\u00a0Joseph Haydn: Violin concerto in C major<\/p>\n<p>Saturday 5th of March at 5 pm,\u00a0Sunday 6th of March at 5 pm and\u00a0Monday 7th of March at 8 pm.<\/p>\n<p>Soloists:<\/p>\n<p>Bylgja D\u00eds Gunnarsd\u00f3ttir &#8211; Soprano<\/p>\n<p>P\u00e9tur \u00dalfarsson &#8211; Boy soprano<\/p>\n<p>Hl\u00f6\u00f0ver Sigur\u00f0sson &#8211; Tenor<\/p>\n<p>J\u00f3n Svavar J\u00f3sefsson &#8211; Baritone<\/p>\n<p>Gunnhildur Da\u00f0ad\u00f3ttir &#8211; Violin<\/p>\n<p>Conductor: Gunnsteinn \u00d3lafsson<\/p>\n<p>Ticket presale by mail at <a href=\"file:\/\/localhost\/sqmail\/src\/compose.php\">kor@hi.is<\/a>, by phone at 823-7888 or from members\u00a0of University Choir and Youth Orchestra<\/p>\n<p>Price: 3.000 kr.\u00a0Senior citizens\/ students: 2.000 kr.<\/p>\n<p><a href=\"https:\/\/kor.hi.is\/wp-content\/uploads\/2011\/03\/plakat-51.jpg\"><img loading=\"lazy\" decoding=\"async\" class=\"aligncenter size-large wp-image-512\" title=\"plakat 5\" src=\"https:\/\/kor.hi.is\/wp-content\/uploads\/2011\/03\/plakat-51-735x1024.jpg\" alt=\"\" width=\"735\" height=\"1024\" srcset=\"https:\/\/kor.hi.is\/wp-content\/uploads\/2011\/03\/plakat-51-735x1024.jpg 735w, https:\/\/kor.hi.is\/wp-content\/uploads\/2011\/03\/plakat-51-215x300.jpg 215w, https:\/\/kor.hi.is\/wp-content\/uploads\/2011\/03\/plakat-51-107x150.jpg 107w, https:\/\/kor.hi.is\/wp-content\/uploads\/2011\/03\/plakat-51-400x557.jpg 400w, https:\/\/kor.hi.is\/wp-content\/uploads\/2011\/03\/plakat-51.jpg 1778w\" sizes=\"auto, (max-width: 735px) 100vw, 735px\" \/><\/a><\/p>\n","protected":false},"excerpt":{"rendered":"<p>English below &#8212;&#8212;&#8212;&#8211; H\u00e1sk\u00f3lak\u00f3rinn og Sinf\u00f3n\u00eduhlj\u00f3msveit unga f\u00f3lksins munu halda t\u00f3nleika \u00ed\u00a0Langholtskirkju dagana 5. og 6. mars kl. 17 og 7. mars kl. 20. \u00deessi flotti h\u00f3pur\u00a0ungmenna mun flytja hi\u00f0 v\u00ed\u00f0fr\u00e6ga verk Carl Orffs, Carmina Burana undir\u00a0stj\u00f3rn Gunnsteins \u00d3lafssonar. Auk \u00feess mun Ungf\u00f3n\u00edan flytja fi\u00f0lukonsert\u00a0eftir Haydn. Eins\u00f6ngvarar ver\u00f0a, Bylgja D\u00eds Gunnarsd\u00f3ttir s\u00f3pran, P\u00e9tur \u00dalfarsson\u00a0drengs\u00f3pran, Hl\u00f6\u00f0ver &hellip; <\/p>\n<p class=\"link-more\"><a href=\"https:\/\/kor.hi.is\/?p=510\" class=\"more-link\">Lesa \u00e1fram<span class=\"screen-reader-text\"> &#8222;O Fortuna!&#8220;<\/span><\/a><\/p>\n","protected":false},"author":84,"featured_media":0,"comment_status":"open","ping_status":"closed","sticky":false,"template":"","format":"standard","meta":{"footnotes":""},"categories":[1],"tags":[],"class_list":["post-510","post","type-post","status-publish","format-standard","hentry","category-frettir"],"_links":{"self":[{"href":"https:\/\/kor.hi.is\/index.php?rest_route=\/wp\/v2\/posts\/510","targetHints":{"allow":["GET"]}}],"collection":[{"href":"https:\/\/kor.hi.is\/index.php?rest_route=\/wp\/v2\/posts"}],"about":[{"href":"https:\/\/kor.hi.is\/index.php?rest_route=\/wp\/v2\/types\/post"}],"author":[{"embeddable":true,"href":"https:\/\/kor.hi.is\/index.php?rest_route=\/wp\/v2\/users\/84"}],"replies":[{"embeddable":true,"href":"https:\/\/kor.hi.is\/index.php?rest_route=%2Fwp%2Fv2%2Fcomments&post=510"}],"version-history":[{"count":2,"href":"https:\/\/kor.hi.is\/index.php?rest_route=\/wp\/v2\/posts\/510\/revisions"}],"predecessor-version":[{"id":514,"href":"https:\/\/kor.hi.is\/index.php?rest_route=\/wp\/v2\/posts\/510\/revisions\/514"}],"wp:attachment":[{"href":"https:\/\/kor.hi.is\/index.php?rest_route=%2Fwp%2Fv2%2Fmedia&parent=510"}],"wp:term":[{"taxonomy":"category","embeddable":true,"href":"https:\/\/kor.hi.is\/index.php?rest_route=%2Fwp%2Fv2%2Fcategories&post=510"},{"taxonomy":"post_tag","embeddable":true,"href":"https:\/\/kor.hi.is\/index.php?rest_route=%2Fwp%2Fv2%2Ftags&post=510"}],"curies":[{"name":"wp","href":"https:\/\/api.w.org\/{rel}","templated":true}]}}