{"id":491,"date":"2011-02-28T17:12:48","date_gmt":"2011-02-28T17:12:48","guid":{"rendered":"http:\/\/kor.hi.is\/?p=491"},"modified":"2011-02-28T17:12:48","modified_gmt":"2011-02-28T17:12:48","slug":"nog-a%c3%b0-gera-hja-haskolakornum-enough-to-do-for-the-university-choir","status":"publish","type":"post","link":"https:\/\/kor.hi.is\/?p=491","title":{"rendered":"N\u00f3g a\u00f0 gera hj\u00e1 H\u00e1sk\u00f3lak\u00f3rnum\/ Enough to do for the University Choir"},"content":{"rendered":"<p>&#8212;English below&#8212;<\/p>\n<p>N\u00fa s\u00ed\u00f0astli\u00f0inn laugardag haf\u00f0i H\u00e1sk\u00f3lak\u00f3rinn \u00ed n\u00f3gu a\u00f0 sn\u00faast! M\u00e6tt var \u00e1 \u00e6fingu kl. 13 og \u00e6ft var af fullum krafti en s\u00ed\u00f0an um kl. 14 steig k\u00f3rinn \u00e1 svi\u00f0 \u00ed H\u00e1sk\u00f3lab\u00ed\u00f3i og s\u00f6ng fyrir n\u00fd\u00fatskrifa\u00f0a kand\u00eddata fr\u00e1 H\u00e1sk\u00f3la \u00cdslands. K\u00f3rinn f\u00e9kk miki\u00f0 lof fyrir s\u00f6nginn en Ma\u00edstjarnan vakti s\u00e9rstaklega mikla lukku a\u00f0 mati nokkurra \u00e1horfenda.<\/p>\n<p>S\u00ed\u00f0ar um kv\u00f6ldi\u00f0 h\u00e9lt H\u00e1sk\u00f3lak\u00f3rinn s\u00edna \u00e1rlegu \u00e1rsh\u00e1t\u00ed\u00f0. Var h\u00fan haldin \u00ed sal Stangavei\u00f0if\u00e9lags Reykjav\u00edkur en maturinn d\u00e1samlegi kom fr\u00e1 Vox. Voru me\u00f0limir mj\u00f6g pr\u00fa\u00f0b\u00fanir og skemmtu s\u00e9r hi\u00f0 besta. Skemmtiatri\u00f0i voru, eins og alltaf, mj\u00f6g skemmtileg enda hefur k\u00f3rinn upp \u00e1 marga skemmtikrafta a\u00f0 bj\u00f3\u00f0a. Dansinn og s\u00f6ngurinn duna\u00f0i s\u00ed\u00f0an fram eftir kv\u00f6ldi. Einstaklega vel heppnu\u00f0 \u00e1rsh\u00e1t\u00ed\u00f0 hj\u00e1 k\u00f3rnum og \u00e1 skemmtinefnd k\u00f3rsins l\u00f3faklapp skili\u00f0.<\/p>\n<p>N\u00fa fer a\u00f0 l\u00ed\u00f0a a\u00f0 Carmina Burana t\u00f3nleikum hj\u00e1 k\u00f3rnum en \u00feeir ver\u00f0a n\u00e6stu helgi. Framundan eru \u00fev\u00ed st\u00edfar \u00e6fingar \u00e1samt Ungf\u00f3n\u00edu og eins\u00f6ngvurum til \u00feess a\u00f0 gera \u00feetta fullkomi\u00f0. Mikil spenna er \u00ed loftinu enda er \u00feetta magna\u00f0 verk.<\/p>\n<p>N\u00e1nari uppl\u00fdsingar koma s\u00ed\u00f0ar \u00ed \u00feessari viku en einnig er h\u00e6gt a\u00f0 n\u00e1lgast uppl\u00fdsingar h\u00e9r: http:\/\/www.facebook.com\/event.php?eid=190222194346047&amp;ref=ts<\/p>\n<p>K\u00f3rinn kve\u00f0ur a\u00f0 sinni!<\/p>\n<p>&#8212;English version&#8212;<\/p>\n<p>Last saturday the Choir had a lot to do. It sang in graduation from the University of Iceland and did it with much pride. The choir had also a little practice before and did nothing but good things there.<\/p>\n<p>The Choir also had its annual ball. The dinner came from Vox and was magnificent.<\/p>\n<p>The University Choir will host 3 concerts next weekend so there is going to be alot to do. Practices with the Young Symphony and soloists are ahead and that ist just to make sure that the concerts will be perfect for the audience.<\/p>\n<p>More information on the concerts will come later this week but for now you can check this site: http:\/\/www.facebook.com\/event.php?eid=190222194346047&amp;ref=ts<\/p>\n<p>That&#8217;s it for now!<\/p>\n","protected":false},"excerpt":{"rendered":"<p>&#8212;English below&#8212; N\u00fa s\u00ed\u00f0astli\u00f0inn laugardag haf\u00f0i H\u00e1sk\u00f3lak\u00f3rinn \u00ed n\u00f3gu a\u00f0 sn\u00faast! M\u00e6tt var \u00e1 \u00e6fingu kl. 13 og \u00e6ft var af fullum krafti en s\u00ed\u00f0an um kl. 14 steig k\u00f3rinn \u00e1 svi\u00f0 \u00ed H\u00e1sk\u00f3lab\u00ed\u00f3i og s\u00f6ng fyrir n\u00fd\u00fatskrifa\u00f0a kand\u00eddata fr\u00e1 H\u00e1sk\u00f3la \u00cdslands. K\u00f3rinn f\u00e9kk miki\u00f0 lof fyrir s\u00f6nginn en Ma\u00edstjarnan vakti s\u00e9rstaklega mikla lukku a\u00f0 &hellip; <\/p>\n<p class=\"link-more\"><a href=\"https:\/\/kor.hi.is\/?p=491\" class=\"more-link\">Lesa \u00e1fram<span class=\"screen-reader-text\"> &#8222;N\u00f3g a\u00f0 gera hj\u00e1 H\u00e1sk\u00f3lak\u00f3rnum\/ Enough to do for the University Choir&#8220;<\/span><\/a><\/p>\n","protected":false},"author":84,"featured_media":0,"comment_status":"open","ping_status":"closed","sticky":false,"template":"","format":"standard","meta":{"footnotes":""},"categories":[1],"tags":[],"class_list":["post-491","post","type-post","status-publish","format-standard","hentry","category-frettir"],"_links":{"self":[{"href":"https:\/\/kor.hi.is\/index.php?rest_route=\/wp\/v2\/posts\/491","targetHints":{"allow":["GET"]}}],"collection":[{"href":"https:\/\/kor.hi.is\/index.php?rest_route=\/wp\/v2\/posts"}],"about":[{"href":"https:\/\/kor.hi.is\/index.php?rest_route=\/wp\/v2\/types\/post"}],"author":[{"embeddable":true,"href":"https:\/\/kor.hi.is\/index.php?rest_route=\/wp\/v2\/users\/84"}],"replies":[{"embeddable":true,"href":"https:\/\/kor.hi.is\/index.php?rest_route=%2Fwp%2Fv2%2Fcomments&post=491"}],"version-history":[{"count":1,"href":"https:\/\/kor.hi.is\/index.php?rest_route=\/wp\/v2\/posts\/491\/revisions"}],"predecessor-version":[{"id":493,"href":"https:\/\/kor.hi.is\/index.php?rest_route=\/wp\/v2\/posts\/491\/revisions\/493"}],"wp:attachment":[{"href":"https:\/\/kor.hi.is\/index.php?rest_route=%2Fwp%2Fv2%2Fmedia&parent=491"}],"wp:term":[{"taxonomy":"category","embeddable":true,"href":"https:\/\/kor.hi.is\/index.php?rest_route=%2Fwp%2Fv2%2Fcategories&post=491"},{"taxonomy":"post_tag","embeddable":true,"href":"https:\/\/kor.hi.is\/index.php?rest_route=%2Fwp%2Fv2%2Ftags&post=491"}],"curies":[{"name":"wp","href":"https:\/\/api.w.org\/{rel}","templated":true}]}}