{"id":480,"date":"2011-02-17T12:41:12","date_gmt":"2011-02-17T12:41:12","guid":{"rendered":"http:\/\/kor.hi.is\/?p=480"},"modified":"2011-02-17T12:46:36","modified_gmt":"2011-02-17T12:46:36","slug":"haskolakorinn-syngur-a-haskolatorgi-the-university-choir-sings-at-haskolatorg","status":"publish","type":"post","link":"https:\/\/kor.hi.is\/?p=480","title":{"rendered":"H\u00e1sk\u00f3lak\u00f3rinn syngur \u00e1 H\u00e1sk\u00f3latorgi! \/The University Choir sings at H\u00e1sk\u00f3latorg!"},"content":{"rendered":"<p>&#8212;English below&#8212;<\/p>\n<p>Laugardaginn 19. febr\u00faar ver\u00f0ur H\u00e1sk\u00f3ladagurinn haldinn h\u00e1t\u00ed\u00f0legur. A\u00f0 \u00fev\u00ed tilefni mun H\u00e1sk\u00f3lak\u00f3rinn syngja nokkur l\u00f6g \u00ed H\u00e1sk\u00f3la \u00cdslands, n\u00e1nar tilteki\u00f0 \u00e1 H\u00e1sk\u00f3latorgi.<\/p>\n<p>H\u00e1sk\u00f3ladagurinn er \u00e1rlegur kynningardagur h\u00e1sk\u00f3lanna \u00fear sem me\u00f0al annars n\u00e1msframbo\u00f0 sk\u00f3lanna er kynnt. Fj\u00f6lbreytt dagskr\u00e1 er \u00ed bo\u00f0i og mun H\u00e1sk\u00f3lak\u00f3rinn koma fram kl. 11:45 \u00e1 H\u00e1sk\u00f3latorgi!<\/p>\n<p>N\u00e1nari uppl\u00fdsingar um opi\u00f0 h\u00fas H\u00e1sk\u00f3la \u00cdslands er a\u00f0 finna h\u00e9r: <a href=\"http:\/\/www.hi.is\/skolinn\/dagskra_vidburda_og_skemmtiatrida\">http:\/\/www.hi.is\/skolinn\/dagskra_vidburda_og_skemmtiatrida<\/a><\/p>\n<p>K\u00e6rar kve\u00f0jur,<\/p>\n<p>H\u00e1sk\u00f3lak\u00f3rinn<\/p>\n<p>Next saturday, the 19th of February, the University Choir will take its part in open school day in the University of Iceland.<\/p>\n<p>The University Choir will sing few songs on H\u00e1sk\u00f3latorg at 11:45.<\/p>\n<p>Come and join us there!<\/p>\n<p>The University Choir<\/p>\n","protected":false},"excerpt":{"rendered":"<p>&#8212;English below&#8212; Laugardaginn 19. febr\u00faar ver\u00f0ur H\u00e1sk\u00f3ladagurinn haldinn h\u00e1t\u00ed\u00f0legur. A\u00f0 \u00fev\u00ed tilefni mun H\u00e1sk\u00f3lak\u00f3rinn syngja nokkur l\u00f6g \u00ed H\u00e1sk\u00f3la \u00cdslands, n\u00e1nar tilteki\u00f0 \u00e1 H\u00e1sk\u00f3latorgi. H\u00e1sk\u00f3ladagurinn er \u00e1rlegur kynningardagur h\u00e1sk\u00f3lanna \u00fear sem me\u00f0al annars n\u00e1msframbo\u00f0 sk\u00f3lanna er kynnt. Fj\u00f6lbreytt dagskr\u00e1 er \u00ed bo\u00f0i og mun H\u00e1sk\u00f3lak\u00f3rinn koma fram kl. 11:45 \u00e1 H\u00e1sk\u00f3latorgi! N\u00e1nari uppl\u00fdsingar um opi\u00f0 &hellip; <\/p>\n<p class=\"link-more\"><a href=\"https:\/\/kor.hi.is\/?p=480\" class=\"more-link\">Lesa \u00e1fram<span class=\"screen-reader-text\"> &#8222;H\u00e1sk\u00f3lak\u00f3rinn syngur \u00e1 H\u00e1sk\u00f3latorgi! \/The University Choir sings at H\u00e1sk\u00f3latorg!&#8220;<\/span><\/a><\/p>\n","protected":false},"author":84,"featured_media":0,"comment_status":"open","ping_status":"closed","sticky":false,"template":"","format":"standard","meta":{"footnotes":""},"categories":[1],"tags":[],"class_list":["post-480","post","type-post","status-publish","format-standard","hentry","category-frettir"],"_links":{"self":[{"href":"https:\/\/kor.hi.is\/index.php?rest_route=\/wp\/v2\/posts\/480","targetHints":{"allow":["GET"]}}],"collection":[{"href":"https:\/\/kor.hi.is\/index.php?rest_route=\/wp\/v2\/posts"}],"about":[{"href":"https:\/\/kor.hi.is\/index.php?rest_route=\/wp\/v2\/types\/post"}],"author":[{"embeddable":true,"href":"https:\/\/kor.hi.is\/index.php?rest_route=\/wp\/v2\/users\/84"}],"replies":[{"embeddable":true,"href":"https:\/\/kor.hi.is\/index.php?rest_route=%2Fwp%2Fv2%2Fcomments&post=480"}],"version-history":[{"count":6,"href":"https:\/\/kor.hi.is\/index.php?rest_route=\/wp\/v2\/posts\/480\/revisions"}],"predecessor-version":[{"id":485,"href":"https:\/\/kor.hi.is\/index.php?rest_route=\/wp\/v2\/posts\/480\/revisions\/485"}],"wp:attachment":[{"href":"https:\/\/kor.hi.is\/index.php?rest_route=%2Fwp%2Fv2%2Fmedia&parent=480"}],"wp:term":[{"taxonomy":"category","embeddable":true,"href":"https:\/\/kor.hi.is\/index.php?rest_route=%2Fwp%2Fv2%2Fcategories&post=480"},{"taxonomy":"post_tag","embeddable":true,"href":"https:\/\/kor.hi.is\/index.php?rest_route=%2Fwp%2Fv2%2Ftags&post=480"}],"curies":[{"name":"wp","href":"https:\/\/api.w.org\/{rel}","templated":true}]}}