{"id":474,"date":"2011-02-07T17:05:41","date_gmt":"2011-02-07T17:05:41","guid":{"rendered":"http:\/\/kor.hi.is\/?p=474"},"modified":"2011-02-07T17:50:43","modified_gmt":"2011-02-07T17:50:43","slug":"%c3%a6fingabu%c3%b0ir-haskolakorsins","status":"publish","type":"post","link":"https:\/\/kor.hi.is\/?p=474","title":{"rendered":"\u00c6fingab\u00fa\u00f0ir H\u00e1sk\u00f3lak\u00f3rsins!"},"content":{"rendered":"<p>Helgina 4.-6. febr\u00faar h\u00e9lt H\u00e1sk\u00f3lak\u00f3rinn \u00ed \u00e6fingab\u00fa\u00f0ir. F\u00f3ru \u00fe\u00e6r fram \u00ed Hl\u00ed\u00f0ardalssk\u00f3la, sem er r\u00e9tt hj\u00e1 \u00deorl\u00e1ksh\u00f6fn. \u00der\u00e1tt fyrir sl\u00e6m ve\u00f0urskilyr\u00f0i l\u00e9tu me\u00f0limir k\u00f3rsins \u00fea\u00f0 ekki \u00e1 sig f\u00e1 og m\u00e6ttu langflestir galvaskir \u00e1 \u00e6fingu kl. 8 \u00e1 f\u00f6studagskv\u00f6ldi\u00f0. Laugardagurinn var s\u00ed\u00f0an tekinn me\u00f0 trompi og var \u00e6ft fr\u00e1 10-19, me\u00f0 p\u00e1sum a\u00f0 sj\u00e1lfs\u00f6g\u00f0u.<\/p>\n<p>H\u00e1sk\u00f3lak\u00f3rinn \u00e6f\u00f0i Carmina Burana eftir Carl Orff a\u00f0 fullum krafti enda fer a\u00f0 styttast \u00ed t\u00f3nleika k\u00f3rsins me\u00f0 Ungf\u00f3n\u00edunni. \u00c6fingarnar gengu v\u00e6gast sagt fr\u00e1b\u00e6rlega og er k\u00f3rinn fullur eftirv\u00e6ntingar fyrir t\u00f3nleikunum.<\/p>\n<p>\u00c1 laugardagskv\u00f6ldinu voru n\u00fdir me\u00f0limir v\u00edg\u00f0ir inn \u00ed k\u00f3rinn \u00e1samt \u00fev\u00ed a\u00f0 raddir (s\u00f3pran, alt, ten\u00f3r, bassi) s\u00fdndu skemmtiatri\u00f0i. A\u00f0 lokum var haldin fyrsta h\u00e6fileikakeppni H\u00e1sk\u00f3lak\u00f3rsins og gekk h\u00fan vonum framar.<\/p>\n<p>Myndir fr\u00e1 helginni fara s\u00ed\u00f0an a\u00f0 detta inn h\u00e6gt og r\u00f3lega, fylgist spennt me\u00f0!<\/p>\n<p>Vi\u00f0 \u00fe\u00f6kkum me\u00f0limum H\u00e1sk\u00f3lak\u00f3rsins k\u00e6rlega fyrir mj\u00f6g vel heppna\u00f0a helgi.<\/p>\n<p>K\u00e6r kve\u00f0ja,<\/p>\n<p>Stj\u00f3rnin<\/p>\n<p>P.s. Segja m\u00e1 a\u00f0 Yaris hafi veri\u00f0 b\u00edll fer\u00f0arinnar en \u00fer\u00edr sl\u00edkir b\u00edlar komust fram og til baka \u00e1n st\u00f3rt\u00e6kra vandr\u00e6\u00f0a.<\/p>\n","protected":false},"excerpt":{"rendered":"<p>Helgina 4.-6. febr\u00faar h\u00e9lt H\u00e1sk\u00f3lak\u00f3rinn \u00ed \u00e6fingab\u00fa\u00f0ir. F\u00f3ru \u00fe\u00e6r fram \u00ed Hl\u00ed\u00f0ardalssk\u00f3la, sem er r\u00e9tt hj\u00e1 \u00deorl\u00e1ksh\u00f6fn. \u00der\u00e1tt fyrir sl\u00e6m ve\u00f0urskilyr\u00f0i l\u00e9tu me\u00f0limir k\u00f3rsins \u00fea\u00f0 ekki \u00e1 sig f\u00e1 og m\u00e6ttu langflestir galvaskir \u00e1 \u00e6fingu kl. 8 \u00e1 f\u00f6studagskv\u00f6ldi\u00f0. Laugardagurinn var s\u00ed\u00f0an tekinn me\u00f0 trompi og var \u00e6ft fr\u00e1 10-19, me\u00f0 p\u00e1sum a\u00f0 sj\u00e1lfs\u00f6g\u00f0u. H\u00e1sk\u00f3lak\u00f3rinn &hellip; <\/p>\n<p class=\"link-more\"><a href=\"https:\/\/kor.hi.is\/?p=474\" class=\"more-link\">Lesa \u00e1fram<span class=\"screen-reader-text\"> &#8222;\u00c6fingab\u00fa\u00f0ir H\u00e1sk\u00f3lak\u00f3rsins!&#8220;<\/span><\/a><\/p>\n","protected":false},"author":84,"featured_media":0,"comment_status":"open","ping_status":"closed","sticky":false,"template":"","format":"standard","meta":{"footnotes":""},"categories":[1],"tags":[],"class_list":["post-474","post","type-post","status-publish","format-standard","hentry","category-frettir"],"_links":{"self":[{"href":"https:\/\/kor.hi.is\/index.php?rest_route=\/wp\/v2\/posts\/474","targetHints":{"allow":["GET"]}}],"collection":[{"href":"https:\/\/kor.hi.is\/index.php?rest_route=\/wp\/v2\/posts"}],"about":[{"href":"https:\/\/kor.hi.is\/index.php?rest_route=\/wp\/v2\/types\/post"}],"author":[{"embeddable":true,"href":"https:\/\/kor.hi.is\/index.php?rest_route=\/wp\/v2\/users\/84"}],"replies":[{"embeddable":true,"href":"https:\/\/kor.hi.is\/index.php?rest_route=%2Fwp%2Fv2%2Fcomments&post=474"}],"version-history":[{"count":2,"href":"https:\/\/kor.hi.is\/index.php?rest_route=\/wp\/v2\/posts\/474\/revisions"}],"predecessor-version":[{"id":476,"href":"https:\/\/kor.hi.is\/index.php?rest_route=\/wp\/v2\/posts\/474\/revisions\/476"}],"wp:attachment":[{"href":"https:\/\/kor.hi.is\/index.php?rest_route=%2Fwp%2Fv2%2Fmedia&parent=474"}],"wp:term":[{"taxonomy":"category","embeddable":true,"href":"https:\/\/kor.hi.is\/index.php?rest_route=%2Fwp%2Fv2%2Fcategories&post=474"},{"taxonomy":"post_tag","embeddable":true,"href":"https:\/\/kor.hi.is\/index.php?rest_route=%2Fwp%2Fv2%2Ftags&post=474"}],"curies":[{"name":"wp","href":"https:\/\/api.w.org\/{rel}","templated":true}]}}