{"id":416,"date":"2010-11-29T17:42:47","date_gmt":"2010-11-29T17:42:47","guid":{"rendered":"http:\/\/kor.hi.is\/?p=416"},"modified":"2010-11-30T21:47:37","modified_gmt":"2010-11-30T21:47:37","slug":"1-desember-hati%c3%b0sdagur-studenta","status":"publish","type":"post","link":"https:\/\/kor.hi.is\/?p=416","title":{"rendered":"1. desember &#8211; H\u00e1t\u00ed\u00f0ardagur st\u00fadenta"},"content":{"rendered":"<p>Mi\u00f0vikudaginn 1. desember mun H\u00e1sk\u00f3lak\u00f3rinn taka \u00fe\u00e1tt \u00ed h\u00e1t\u00ed\u00f0arh\u00f6ldum st\u00fadenta vi\u00f0 H\u00e1sk\u00f3la \u00cdslands. Hef\u00f0 hefur veri\u00f0 fyrir h\u00e1t\u00ed\u00f0arh\u00f6ldum st\u00fadenta \u00feennan dag fr\u00e1 \u00e1rinu 1922.<\/p>\n<p>Formleg h\u00e1t\u00ed\u00f0ardagskr\u00e1 hefst klukkan 10.00<strong> <\/strong>me\u00f0 samkomu \u00ed H\u00e1t\u00ed\u00f0arsalnum \u00ed A\u00f0albyggingu H\u00e1sk\u00f3la \u00cdslands.<\/p>\n<p>Klukkan 12.00 hefst dagskr\u00e1 \u00e1 H\u00e1sk\u00f3latorgi. Forseti \u00cdslands, Hr. \u00d3lafur Ragnar Gr\u00edmsson mun flytja \u00e1varp og a\u00f0 \u00fev\u00ed loknu ver\u00f0a flutt t\u00f3nlistaratri\u00f0i og mun H\u00e1sk\u00f3lak\u00f3rinn syngja nokkur l\u00f6g.<\/p>\n<p>Klukkan 13.00 heldur\u00a0H\u00e1sk\u00f3lak\u00f3rinn s\u00ed\u00f0an t\u00f3nleika \u00ed anddyri A\u00f0albyggingar H\u00e1sk\u00f3la \u00cdslands. T\u00f3nleikarnir eru \u00f6llum opnir.<\/p>\n<p>N\u00e1nari dagskr\u00e1 st\u00fadentah\u00e1t\u00ed\u00f0arinnar er a\u00f0 finna <a href=\"http:\/\/www.hi.is\/frettir\/1_desember_er_hatidardagur_studenta_vid_haskola_islands\" target=\"_blank\">h\u00e9r<\/a>.<\/p>\n","protected":false},"excerpt":{"rendered":"<p>Mi\u00f0vikudaginn 1. desember mun H\u00e1sk\u00f3lak\u00f3rinn taka \u00fe\u00e1tt \u00ed h\u00e1t\u00ed\u00f0arh\u00f6ldum st\u00fadenta vi\u00f0 H\u00e1sk\u00f3la \u00cdslands. Hef\u00f0 hefur veri\u00f0 fyrir h\u00e1t\u00ed\u00f0arh\u00f6ldum st\u00fadenta \u00feennan dag fr\u00e1 \u00e1rinu 1922. Formleg h\u00e1t\u00ed\u00f0ardagskr\u00e1 hefst klukkan 10.00 me\u00f0 samkomu \u00ed H\u00e1t\u00ed\u00f0arsalnum \u00ed A\u00f0albyggingu H\u00e1sk\u00f3la \u00cdslands. Klukkan 12.00 hefst dagskr\u00e1 \u00e1 H\u00e1sk\u00f3latorgi. Forseti \u00cdslands, Hr. \u00d3lafur Ragnar Gr\u00edmsson mun flytja \u00e1varp og a\u00f0 \u00fev\u00ed &hellip; <\/p>\n<p class=\"link-more\"><a href=\"https:\/\/kor.hi.is\/?p=416\" class=\"more-link\">Lesa \u00e1fram<span class=\"screen-reader-text\"> &#8222;1. desember &#8211; H\u00e1t\u00ed\u00f0ardagur st\u00fadenta&#8220;<\/span><\/a><\/p>\n","protected":false},"author":84,"featured_media":0,"comment_status":"open","ping_status":"closed","sticky":false,"template":"","format":"standard","meta":{"footnotes":""},"categories":[1],"tags":[],"class_list":["post-416","post","type-post","status-publish","format-standard","hentry","category-frettir"],"_links":{"self":[{"href":"https:\/\/kor.hi.is\/index.php?rest_route=\/wp\/v2\/posts\/416","targetHints":{"allow":["GET"]}}],"collection":[{"href":"https:\/\/kor.hi.is\/index.php?rest_route=\/wp\/v2\/posts"}],"about":[{"href":"https:\/\/kor.hi.is\/index.php?rest_route=\/wp\/v2\/types\/post"}],"author":[{"embeddable":true,"href":"https:\/\/kor.hi.is\/index.php?rest_route=\/wp\/v2\/users\/84"}],"replies":[{"embeddable":true,"href":"https:\/\/kor.hi.is\/index.php?rest_route=%2Fwp%2Fv2%2Fcomments&post=416"}],"version-history":[{"count":7,"href":"https:\/\/kor.hi.is\/index.php?rest_route=\/wp\/v2\/posts\/416\/revisions"}],"predecessor-version":[{"id":423,"href":"https:\/\/kor.hi.is\/index.php?rest_route=\/wp\/v2\/posts\/416\/revisions\/423"}],"wp:attachment":[{"href":"https:\/\/kor.hi.is\/index.php?rest_route=%2Fwp%2Fv2%2Fmedia&parent=416"}],"wp:term":[{"taxonomy":"category","embeddable":true,"href":"https:\/\/kor.hi.is\/index.php?rest_route=%2Fwp%2Fv2%2Fcategories&post=416"},{"taxonomy":"post_tag","embeddable":true,"href":"https:\/\/kor.hi.is\/index.php?rest_route=%2Fwp%2Fv2%2Ftags&post=416"}],"curies":[{"name":"wp","href":"https:\/\/api.w.org\/{rel}","templated":true}]}}