{"id":373,"date":"2010-11-12T00:16:36","date_gmt":"2010-11-12T00:16:36","guid":{"rendered":"http:\/\/kor.hi.is\/?p=373"},"modified":"2010-11-25T14:56:15","modified_gmt":"2010-11-25T14:56:15","slug":"hausttonleikar","status":"publish","type":"post","link":"https:\/\/kor.hi.is\/?p=373","title":{"rendered":"Haustt\u00f3nleikar"},"content":{"rendered":"<p><a href=\"https:\/\/kor.hi.is\/wp-content\/uploads\/2010\/11\/haust.jpg\"><img loading=\"lazy\" decoding=\"async\" class=\"alignright size-medium wp-image-376\" title=\"haust\" src=\"https:\/\/kor.hi.is\/wp-content\/uploads\/2010\/11\/haust-138x300.jpg\" alt=\"\" width=\"138\" height=\"300\" srcset=\"https:\/\/kor.hi.is\/wp-content\/uploads\/2010\/11\/haust-138x300.jpg 138w, https:\/\/kor.hi.is\/wp-content\/uploads\/2010\/11\/haust-69x150.jpg 69w, https:\/\/kor.hi.is\/wp-content\/uploads\/2010\/11\/haust.jpg 369w\" sizes=\"auto, (max-width: 138px) 100vw, 138px\" \/><\/a><\/p>\n<p>Haustt\u00f3nleikar H\u00e1sk\u00f3lak\u00f3rsins ver\u00f0a haldnir \u00ed Neskirkju, \u00feri\u00f0judaginn 23. n\u00f3vember 2010 kl 20:00.<\/p>\n<p>Stj\u00f3rnandi: Gunnsteinn \u00d3lafsson<\/p>\n<p>\u00c1 t\u00f3nleikunum ver\u00f0a m.a. flutt verk eftir J\u00f3n Leifs og Gunnstein \u00d3lafsson.<\/p>\n<p>Mi\u00f0aver\u00f0: 2000 kr<\/p>\n<p>Nemar, eldri borgarar, \u00f6ryrkjar: 1500 kr<\/p>\n","protected":false},"excerpt":{"rendered":"<p>Haustt\u00f3nleikar H\u00e1sk\u00f3lak\u00f3rsins ver\u00f0a haldnir \u00ed Neskirkju, \u00feri\u00f0judaginn 23. n\u00f3vember 2010 kl 20:00. Stj\u00f3rnandi: Gunnsteinn \u00d3lafsson \u00c1 t\u00f3nleikunum ver\u00f0a m.a. flutt verk eftir J\u00f3n Leifs og Gunnstein \u00d3lafsson. Mi\u00f0aver\u00f0: 2000 kr Nemar, eldri borgarar, \u00f6ryrkjar: 1500 kr<\/p>\n","protected":false},"author":84,"featured_media":0,"comment_status":"open","ping_status":"closed","sticky":false,"template":"","format":"standard","meta":{"footnotes":""},"categories":[1],"tags":[],"class_list":["post-373","post","type-post","status-publish","format-standard","hentry","category-frettir"],"_links":{"self":[{"href":"https:\/\/kor.hi.is\/index.php?rest_route=\/wp\/v2\/posts\/373","targetHints":{"allow":["GET"]}}],"collection":[{"href":"https:\/\/kor.hi.is\/index.php?rest_route=\/wp\/v2\/posts"}],"about":[{"href":"https:\/\/kor.hi.is\/index.php?rest_route=\/wp\/v2\/types\/post"}],"author":[{"embeddable":true,"href":"https:\/\/kor.hi.is\/index.php?rest_route=\/wp\/v2\/users\/84"}],"replies":[{"embeddable":true,"href":"https:\/\/kor.hi.is\/index.php?rest_route=%2Fwp%2Fv2%2Fcomments&post=373"}],"version-history":[{"count":4,"href":"https:\/\/kor.hi.is\/index.php?rest_route=\/wp\/v2\/posts\/373\/revisions"}],"predecessor-version":[{"id":407,"href":"https:\/\/kor.hi.is\/index.php?rest_route=\/wp\/v2\/posts\/373\/revisions\/407"}],"wp:attachment":[{"href":"https:\/\/kor.hi.is\/index.php?rest_route=%2Fwp%2Fv2%2Fmedia&parent=373"}],"wp:term":[{"taxonomy":"category","embeddable":true,"href":"https:\/\/kor.hi.is\/index.php?rest_route=%2Fwp%2Fv2%2Fcategories&post=373"},{"taxonomy":"post_tag","embeddable":true,"href":"https:\/\/kor.hi.is\/index.php?rest_route=%2Fwp%2Fv2%2Ftags&post=373"}],"curies":[{"name":"wp","href":"https:\/\/api.w.org\/{rel}","templated":true}]}}