{"id":283,"date":"2010-09-29T11:03:36","date_gmt":"2010-09-29T11:03:36","guid":{"rendered":"http:\/\/kor.hi.is\/?p=283"},"modified":"2010-11-25T14:56:15","modified_gmt":"2010-11-25T14:56:15","slug":"jo-peeps","status":"publish","type":"post","link":"https:\/\/kor.hi.is\/?p=283","title":{"rendered":"J\u00f3 peeps!"},"content":{"rendered":"<p>&#8211;English below&#8211;<\/p>\n<p>H\u00e6 krakkar m\u00ednir!<\/p>\n<p>Takk fyrir s\u00ed\u00f0ast!<\/p>\n<p>Mig langa\u00f0i bara r\u00e9tt a\u00f0 minna ykkur \u00e1 a\u00f0 borga \u00feessi blessu\u00f0u k\u00f3rgj\u00f6ld, n\u00f3tnagj\u00f6ld og \u00e6fingab\u00fa\u00f0irnar. \u00dei\u00f0 \u00feurfi\u00f0 a\u00f0 gera \u00fea\u00f0 fyrir <strong>7.okt\u00f3ber <\/strong>en me\u00f0 \u00fev\u00ed spari\u00f0 \u00fei\u00f0 <strong>350 kr\u00f3nur <\/strong>\u00fear sem a\u00f0 \u00feann dag ver\u00f0a sendir \u00fat g\u00edr\u00f3se\u00f0lar til \u00feeirra sem eiga eftir a\u00f0 borga.<\/p>\n<p><strong>Reikningsn\u00fameri\u00f0<\/strong> er a\u00f0 finna ne\u00f0st \u00e1 heimas\u00ed\u00f0unni.<\/p>\n<p>Einnig vildi \u00e9g minna ykkur \u00e1 a\u00f0 hlusta \u00e1 <strong>uppt\u00f6kurnar <\/strong>sem a\u00f0 yndin okkar einu, \u00feau \u00a0Gunnsteinn og Hugr\u00fan, h\u00f6f\u00f0u miki\u00f0 fyrir a\u00f0 taka upp. Mj\u00f6g mikilv\u00e6gt er a\u00f0 hlusta \u00e1 \u00feetta og \u00e6fa sig \u00fev\u00ed \u00fea\u00f0 sparar mikinn t\u00edma \u00e1 \u00e6fingum ef vi\u00f0 erum vel undirb\u00fain!<\/p>\n<p>\u00dei\u00f0 geti\u00f0 n\u00e1lgast uppt\u00f6kurnar undir flipanum <strong>Uppt\u00f6kur<\/strong>!<\/p>\n<p>Sj\u00e1umst hress \u00e1 fimmtudaginn sn\u00fallur!<\/p>\n<p>So my dear foreigners!<\/p>\n<p>I am just reminding each and everyone of you to pay for the participation in the choir and for the choir rehearsal camp! If you pay before <strong>7th of October <\/strong>you will save <strong>350 kr\u00f3nur. <\/strong><\/p>\n<p>I also wanted to remind you to listen to the recordings. You can find it under <strong>Uppt\u00f6kur <\/strong>here above!<\/p>\n<p>See you on Thursday!<\/p>\n","protected":false},"excerpt":{"rendered":"<p>&#8211;English below&#8211; H\u00e6 krakkar m\u00ednir! Takk fyrir s\u00ed\u00f0ast! Mig langa\u00f0i bara r\u00e9tt a\u00f0 minna ykkur \u00e1 a\u00f0 borga \u00feessi blessu\u00f0u k\u00f3rgj\u00f6ld, n\u00f3tnagj\u00f6ld og \u00e6fingab\u00fa\u00f0irnar. \u00dei\u00f0 \u00feurfi\u00f0 a\u00f0 gera \u00fea\u00f0 fyrir 7.okt\u00f3ber en me\u00f0 \u00fev\u00ed spari\u00f0 \u00fei\u00f0 350 kr\u00f3nur \u00fear sem a\u00f0 \u00feann dag ver\u00f0a sendir \u00fat g\u00edr\u00f3se\u00f0lar til \u00feeirra sem eiga eftir a\u00f0 borga. Reikningsn\u00fameri\u00f0 &hellip; <\/p>\n<p class=\"link-more\"><a href=\"https:\/\/kor.hi.is\/?p=283\" class=\"more-link\">Lesa \u00e1fram<span class=\"screen-reader-text\"> &#8222;J\u00f3 peeps!&#8220;<\/span><\/a><\/p>\n","protected":false},"author":84,"featured_media":0,"comment_status":"open","ping_status":"closed","sticky":false,"template":"","format":"standard","meta":{"footnotes":""},"categories":[1],"tags":[],"class_list":["post-283","post","type-post","status-publish","format-standard","hentry","category-frettir"],"_links":{"self":[{"href":"https:\/\/kor.hi.is\/index.php?rest_route=\/wp\/v2\/posts\/283","targetHints":{"allow":["GET"]}}],"collection":[{"href":"https:\/\/kor.hi.is\/index.php?rest_route=\/wp\/v2\/posts"}],"about":[{"href":"https:\/\/kor.hi.is\/index.php?rest_route=\/wp\/v2\/types\/post"}],"author":[{"embeddable":true,"href":"https:\/\/kor.hi.is\/index.php?rest_route=\/wp\/v2\/users\/84"}],"replies":[{"embeddable":true,"href":"https:\/\/kor.hi.is\/index.php?rest_route=%2Fwp%2Fv2%2Fcomments&post=283"}],"version-history":[{"count":4,"href":"https:\/\/kor.hi.is\/index.php?rest_route=\/wp\/v2\/posts\/283\/revisions"}],"predecessor-version":[{"id":411,"href":"https:\/\/kor.hi.is\/index.php?rest_route=\/wp\/v2\/posts\/283\/revisions\/411"}],"wp:attachment":[{"href":"https:\/\/kor.hi.is\/index.php?rest_route=%2Fwp%2Fv2%2Fmedia&parent=283"}],"wp:term":[{"taxonomy":"category","embeddable":true,"href":"https:\/\/kor.hi.is\/index.php?rest_route=%2Fwp%2Fv2%2Fcategories&post=283"},{"taxonomy":"post_tag","embeddable":true,"href":"https:\/\/kor.hi.is\/index.php?rest_route=%2Fwp%2Fv2%2Ftags&post=283"}],"curies":[{"name":"wp","href":"https:\/\/api.w.org\/{rel}","templated":true}]}}