{"id":1401,"date":"2026-04-29T22:57:13","date_gmt":"2026-04-29T22:57:13","guid":{"rendered":"https:\/\/kor.hi.is\/?p=1401"},"modified":"2026-04-29T23:00:31","modified_gmt":"2026-04-29T23:00:31","slug":"ny-stjorn-haskolakorsins-2025-2026","status":"publish","type":"post","link":"https:\/\/kor.hi.is\/?p=1401","title":{"rendered":"N\u00fd stj\u00f3rn H\u00e1sk\u00f3lak\u00f3rsins 2025 &#8211; 2026"},"content":{"rendered":"\n<p>H\u00e1sk\u00f3lak\u00f3rinn valdi \u00ed n\u00fdja \u00feann 13. ma\u00ed 2025. <\/p>\n\n\n\n<p>Forseti: Sindri Gunnsteinsson<\/p>\n\n\n\n<p>Vara Forseti: Sean Rakel \u00c6gisbur<\/p>\n\n\n\n<p>Ritari: J\u00f3hanna Mar\u00eda \u00c6gisd\u00f3ttir<\/p>\n\n\n\n<p>Skemmtunarstj\u00f3ri: Sigur\u00f0ur Karl P\u00e9tursson<\/p>\n\n\n\n<p>Gjalkeri: Mart\u00f3n D\u00f6m\u00f6k Agostson<\/p>\n\n\n\n<p>N\u00fdli\u00f0afulltr\u00fai: Birkir Hall<\/p>\n\n\n\n<p>Seinna var tekinn annar fundur 20. jan\u00faar, \u00fear sem verkefni Gjaldkera og Skemmtunarstj\u00f3ra var viki\u00f0 fr\u00e1 og n\u00fdju stj\u00f3rnarme\u00f0limir voru kosnir.<\/p>\n\n\n\n<p>Skemmtunarstj\u00f3ri: Una Hj\u00f6rvarsd\u00f3ttir<\/p>\n\n\n\n<p>Gjaldkeri: El\u00edas K\u00e1ri Sigur\u00f0sson<\/p>\n\n\n\n<p><\/p>\n","protected":false},"excerpt":{"rendered":"<p>H\u00e1sk\u00f3lak\u00f3rinn valdi \u00ed n\u00fdja \u00feann 13. ma\u00ed 2025. Forseti: Sindri Gunnsteinsson Vara Forseti: Sean Rakel \u00c6gisbur Ritari: J\u00f3hanna Mar\u00eda \u00c6gisd\u00f3ttir Skemmtunarstj\u00f3ri: Sigur\u00f0ur Karl P\u00e9tursson Gjalkeri: Mart\u00f3n D\u00f6m\u00f6k Agostson N\u00fdli\u00f0afulltr\u00fai: Birkir Hall Seinna var tekinn annar fundur 20. jan\u00faar, \u00fear sem verkefni Gjaldkera og Skemmtunarstj\u00f3ra var viki\u00f0 fr\u00e1 og n\u00fdju stj\u00f3rnarme\u00f0limir voru kosnir. Skemmtunarstj\u00f3ri: Una Hj\u00f6rvarsd\u00f3ttir &hellip; <\/p>\n<p class=\"link-more\"><a href=\"https:\/\/kor.hi.is\/?p=1401\" class=\"more-link\">Lesa \u00e1fram<span class=\"screen-reader-text\"> &#8222;N\u00fd stj\u00f3rn H\u00e1sk\u00f3lak\u00f3rsins 2025 &#8211; 2026&#8220;<\/span><\/a><\/p>\n","protected":false},"author":84,"featured_media":0,"comment_status":"open","ping_status":"closed","sticky":false,"template":"","format":"standard","meta":{"footnotes":""},"categories":[1,3],"tags":[],"class_list":["post-1401","post","type-post","status-publish","format-standard","hentry","category-frettir","category-myndir"],"_links":{"self":[{"href":"https:\/\/kor.hi.is\/index.php?rest_route=\/wp\/v2\/posts\/1401","targetHints":{"allow":["GET"]}}],"collection":[{"href":"https:\/\/kor.hi.is\/index.php?rest_route=\/wp\/v2\/posts"}],"about":[{"href":"https:\/\/kor.hi.is\/index.php?rest_route=\/wp\/v2\/types\/post"}],"author":[{"embeddable":true,"href":"https:\/\/kor.hi.is\/index.php?rest_route=\/wp\/v2\/users\/84"}],"replies":[{"embeddable":true,"href":"https:\/\/kor.hi.is\/index.php?rest_route=%2Fwp%2Fv2%2Fcomments&post=1401"}],"version-history":[{"count":2,"href":"https:\/\/kor.hi.is\/index.php?rest_route=\/wp\/v2\/posts\/1401\/revisions"}],"predecessor-version":[{"id":1407,"href":"https:\/\/kor.hi.is\/index.php?rest_route=\/wp\/v2\/posts\/1401\/revisions\/1407"}],"wp:attachment":[{"href":"https:\/\/kor.hi.is\/index.php?rest_route=%2Fwp%2Fv2%2Fmedia&parent=1401"}],"wp:term":[{"taxonomy":"category","embeddable":true,"href":"https:\/\/kor.hi.is\/index.php?rest_route=%2Fwp%2Fv2%2Fcategories&post=1401"},{"taxonomy":"post_tag","embeddable":true,"href":"https:\/\/kor.hi.is\/index.php?rest_route=%2Fwp%2Fv2%2Ftags&post=1401"}],"curies":[{"name":"wp","href":"https:\/\/api.w.org\/{rel}","templated":true}]}}