{"id":1314,"date":"2025-11-01T12:10:47","date_gmt":"2025-11-01T12:10:47","guid":{"rendered":"https:\/\/kor.hi.is\/?p=1314"},"modified":"2026-01-28T22:34:51","modified_gmt":"2026-01-28T22:34:51","slug":"vid-erum-haskolakorinn-we-are-the-university-choir-of-iceland","status":"publish","type":"post","link":"https:\/\/kor.hi.is\/?p=1314","title":{"rendered":"Vi\u00f0 erum H\u00e1sk\u00f3lakorinn \/ We are the university choir of Iceland"},"content":{"rendered":"\n<p>\u2014 English below\u2013<\/p>\n\n\n\n<p>Sj\u00e1\u00f0u n\u00fdja myndbandi\u00f0 um H\u00e1sk\u00f3lak\u00f3rinn. Vi\u00f0 erum h\u00f3pur ungs f\u00f3lks sem elskar a\u00f0 syngja! Vi\u00f0 syngjum \u00edslensk l\u00f6g auk klass\u00edskra t\u00f3nverka. En ekki bara s\u00f6ngurinn, l\u00edka f\u00e9lagsl\u00edfi\u00f0 er mikilv\u00e6gur \u00fe\u00e1ttur \u00ed k\u00f3rnum. Vi\u00f0 erum spennt fyrir fr\u00e1b\u00e6ru n\u00fdju sk\u00f3la\u00e1ri og erum a\u00f0 leita a\u00f0 n\u00fdjum me\u00f0limum til li\u00f0s vi\u00f0 okkur. N\u00e6stu innt\u00f6kuprufur ver\u00f0a <strong>\u00ed jan\u00faar 2026<\/strong> \u00ed A\u00f0albyggingu \u00ed H\u00e1sk\u00f3la \u00cdslands.<\/p>\n\n\n\n<p>Watch the new video about H\u00e1sk\u00f3lak\u00f3rinn. We are a group of young people, who love to sing! We sing Icelanic songs as well as classical pieces. But not only the singing, also the social life is an important part of the choir. We are excited for an amazing new school year and are looking for new members to join us. The next auditions are held <strong>in January 2026<\/strong> in A\u00f0albygging in the University of Iceland.<\/p>\n\n\n\n<figure class=\"wp-block-embed is-type-video is-provider-youtube wp-block-embed-youtube wp-embed-aspect-4-3 wp-has-aspect-ratio\"><div class=\"wp-block-embed__wrapper\">\n<iframe loading=\"lazy\" title=\"H\u00e1sk\u00f3lak\u00f3rinn - the University Choir of Iceland\" width=\"525\" height=\"394\" src=\"https:\/\/www.youtube.com\/embed\/62MuMqqrqA4?feature=oembed\" frameborder=\"0\" allow=\"accelerometer; autoplay; clipboard-write; encrypted-media; gyroscope; picture-in-picture; web-share\" referrerpolicy=\"strict-origin-when-cross-origin\" allowfullscreen><\/iframe>\n<\/div><\/figure>\n","protected":false},"excerpt":{"rendered":"<p>\u2014 English below\u2013 Sj\u00e1\u00f0u n\u00fdja myndbandi\u00f0 um H\u00e1sk\u00f3lak\u00f3rinn. Vi\u00f0 erum h\u00f3pur ungs f\u00f3lks sem elskar a\u00f0 syngja! Vi\u00f0 syngjum \u00edslensk l\u00f6g auk klass\u00edskra t\u00f3nverka. En ekki bara s\u00f6ngurinn, l\u00edka f\u00e9lagsl\u00edfi\u00f0 er mikilv\u00e6gur \u00fe\u00e1ttur \u00ed k\u00f3rnum. Vi\u00f0 erum spennt fyrir fr\u00e1b\u00e6ru n\u00fdju sk\u00f3la\u00e1ri og erum a\u00f0 leita a\u00f0 n\u00fdjum me\u00f0limum til li\u00f0s vi\u00f0 okkur. N\u00e6stu innt\u00f6kuprufur &hellip; <\/p>\n<p class=\"link-more\"><a href=\"https:\/\/kor.hi.is\/?p=1314\" class=\"more-link\">Lesa \u00e1fram<span class=\"screen-reader-text\"> &#8222;Vi\u00f0 erum H\u00e1sk\u00f3lakorinn \/ We are the university choir of Iceland&#8220;<\/span><\/a><\/p>\n","protected":false},"author":84,"featured_media":0,"comment_status":"open","ping_status":"closed","sticky":true,"template":"","format":"standard","meta":{"footnotes":""},"categories":[1],"tags":[],"class_list":["post-1314","post","type-post","status-publish","format-standard","hentry","category-frettir"],"_links":{"self":[{"href":"https:\/\/kor.hi.is\/index.php?rest_route=\/wp\/v2\/posts\/1314","targetHints":{"allow":["GET"]}}],"collection":[{"href":"https:\/\/kor.hi.is\/index.php?rest_route=\/wp\/v2\/posts"}],"about":[{"href":"https:\/\/kor.hi.is\/index.php?rest_route=\/wp\/v2\/types\/post"}],"author":[{"embeddable":true,"href":"https:\/\/kor.hi.is\/index.php?rest_route=\/wp\/v2\/users\/84"}],"replies":[{"embeddable":true,"href":"https:\/\/kor.hi.is\/index.php?rest_route=%2Fwp%2Fv2%2Fcomments&post=1314"}],"version-history":[{"count":5,"href":"https:\/\/kor.hi.is\/index.php?rest_route=\/wp\/v2\/posts\/1314\/revisions"}],"predecessor-version":[{"id":1399,"href":"https:\/\/kor.hi.is\/index.php?rest_route=\/wp\/v2\/posts\/1314\/revisions\/1399"}],"wp:attachment":[{"href":"https:\/\/kor.hi.is\/index.php?rest_route=%2Fwp%2Fv2%2Fmedia&parent=1314"}],"wp:term":[{"taxonomy":"category","embeddable":true,"href":"https:\/\/kor.hi.is\/index.php?rest_route=%2Fwp%2Fv2%2Fcategories&post=1314"},{"taxonomy":"post_tag","embeddable":true,"href":"https:\/\/kor.hi.is\/index.php?rest_route=%2Fwp%2Fv2%2Ftags&post=1314"}],"curies":[{"name":"wp","href":"https:\/\/api.w.org\/{rel}","templated":true}]}}