{"id":1064,"date":"2019-07-24T18:34:11","date_gmt":"2019-07-24T18:34:11","guid":{"rendered":"http:\/\/kor.hi.is\/?p=1064"},"modified":"2026-01-16T19:04:21","modified_gmt":"2026-01-16T19:04:21","slug":"ny-stjorn-haskolakorsins-the-new-board","status":"publish","type":"post","link":"https:\/\/kor.hi.is\/?p=1064","title":{"rendered":"N\u00fd stj\u00f3rn H\u00e1sk\u00f3lak\u00f3rsins! \/\/ The new board"},"content":{"rendered":"\n<p>(ENGLISH BELOW)<\/p>\n\n\n\n<p>\u00ed vor var kosin n\u00fd stj\u00f3rn fyrir H\u00e1sk\u00f3lak\u00f3rinn \u00ed henni sitja fimm me\u00f0limir H\u00e1sk\u00f3lak\u00f3rsins og sj\u00e1 um alla skipulagningu k\u00f3rastarfsins. Strax \u00ed haust mun n\u00fdli\u00f0afulltr\u00fai ver\u00f0a valinn til a\u00f0 b\u00e6ta og k\u00e6ta n\u00fdja stj\u00f3rn. <\/p>\n\n\n\n<p>English:<br>This spring a new board was elected for H\u00e1sk\u00f3lak\u00f3rinn, the new board consists of five members of H\u00e1sk\u00f3lak\u00f3rinn that take care of all organization around the choir.  This fall a sixth member will be selected as a the new members representative. <\/p>\n\n\n\n<figure class=\"wp-block-gallery aligncenter has-nested-images columns-default is-cropped wp-block-gallery-1 is-layout-flex wp-block-gallery-is-layout-flex\">\n<figure class=\"wp-block-image\"><img loading=\"lazy\" decoding=\"async\" width=\"768\" height=\"1024\" data-id=\"1072\" src=\"https:\/\/kor.hi.is\/wp-content\/uploads\/2019\/07\/received_428455847728543-768x1024.jpeg\" alt=\"\" class=\"wp-image-1072\" srcset=\"https:\/\/kor.hi.is\/wp-content\/uploads\/2019\/07\/received_428455847728543-768x1024.jpeg 768w, https:\/\/kor.hi.is\/wp-content\/uploads\/2019\/07\/received_428455847728543-225x300.jpeg 225w\" sizes=\"auto, (max-width: 767px) 89vw, (max-width: 1000px) 54vw, (max-width: 1071px) 543px, 580px\" \/><figcaption class=\"wp-element-caption\">Svana Bj\u00f6rg Eir\u00edksd\u00f3ttir<br>Forseti \/ President<\/figcaption><\/figure>\n\n\n\n<figure class=\"wp-block-image\"><img loading=\"lazy\" decoding=\"async\" width=\"681\" height=\"1024\" data-id=\"1074\" src=\"https:\/\/kor.hi.is\/wp-content\/uploads\/2019\/07\/IMG_20190712_191152-681x1024.jpg\" alt=\"\" class=\"wp-image-1074\" srcset=\"https:\/\/kor.hi.is\/wp-content\/uploads\/2019\/07\/IMG_20190712_191152-681x1024.jpg 681w, https:\/\/kor.hi.is\/wp-content\/uploads\/2019\/07\/IMG_20190712_191152-200x300.jpg 200w, https:\/\/kor.hi.is\/wp-content\/uploads\/2019\/07\/IMG_20190712_191152-768x1155.jpg 768w, https:\/\/kor.hi.is\/wp-content\/uploads\/2019\/07\/IMG_20190712_191152.jpg 1545w\" sizes=\"auto, (max-width: 681px) 100vw, 681px\" \/><figcaption class=\"wp-element-caption\">Anna Bjarnsteinsd\u00f3ttir<br>Varaforseti \/ Vice President<\/figcaption><\/figure>\n<\/figure>\n\n\n\n<figure class=\"wp-block-gallery has-nested-images columns-default is-cropped wp-block-gallery-2 is-layout-flex wp-block-gallery-is-layout-flex\">\n<figure class=\"wp-block-image\"><img loading=\"lazy\" decoding=\"async\" width=\"1024\" height=\"692\" data-id=\"1069\" src=\"https:\/\/kor.hi.is\/wp-content\/uploads\/2019\/07\/R1-09827-007A-1024x692.jpg\" alt=\"\" class=\"wp-image-1069\" srcset=\"https:\/\/kor.hi.is\/wp-content\/uploads\/2019\/07\/R1-09827-007A-1024x692.jpg 1024w, https:\/\/kor.hi.is\/wp-content\/uploads\/2019\/07\/R1-09827-007A-300x203.jpg 300w, https:\/\/kor.hi.is\/wp-content\/uploads\/2019\/07\/R1-09827-007A-768x519.jpg 768w, https:\/\/kor.hi.is\/wp-content\/uploads\/2019\/07\/R1-09827-007A.jpg 1818w\" sizes=\"auto, (max-width: 767px) 89vw, (max-width: 1000px) 54vw, (max-width: 1071px) 543px, 580px\" \/><figcaption class=\"wp-element-caption\"><br>Dilj\u00e1 \u00deorkelsd\u00f3ttir<br>Gjaldkeri \/ Treasurer<\/figcaption><\/figure>\n\n\n\n<figure class=\"wp-block-image\"><img loading=\"lazy\" decoding=\"async\" width=\"280\" height=\"371\" data-id=\"1070\" src=\"https:\/\/kor.hi.is\/wp-content\/uploads\/2019\/07\/V\u00e9d\u00eds-Mist-Agnad\u00f3ttir-Sameinda-l\u00edffr\u00e6\u00f0i.jpg\" alt=\"\" class=\"wp-image-1070\" srcset=\"https:\/\/kor.hi.is\/wp-content\/uploads\/2019\/07\/V\u00e9d\u00eds-Mist-Agnad\u00f3ttir-Sameinda-l\u00edffr\u00e6\u00f0i.jpg 280w, https:\/\/kor.hi.is\/wp-content\/uploads\/2019\/07\/V\u00e9d\u00eds-Mist-Agnad\u00f3ttir-Sameinda-l\u00edffr\u00e6\u00f0i-226x300.jpg 226w\" sizes=\"auto, (max-width: 280px) 100vw, 280px\" \/><figcaption class=\"wp-element-caption\">V\u00e9d\u00eds Mist Agnad\u00f3ttir<br>Skemmtanastj\u00f3ri \/ Social Director<\/figcaption><\/figure>\n<\/figure>\n\n\n\n<figure class=\"wp-block-gallery has-nested-images columns-default is-cropped wp-block-gallery-3 is-layout-flex wp-block-gallery-is-layout-flex\"><\/figure>\n","protected":false},"excerpt":{"rendered":"<p>(ENGLISH BELOW) \u00ed vor var kosin n\u00fd stj\u00f3rn fyrir H\u00e1sk\u00f3lak\u00f3rinn \u00ed henni sitja fimm me\u00f0limir H\u00e1sk\u00f3lak\u00f3rsins og sj\u00e1 um alla skipulagningu k\u00f3rastarfsins. Strax \u00ed haust mun n\u00fdli\u00f0afulltr\u00fai ver\u00f0a valinn til a\u00f0 b\u00e6ta og k\u00e6ta n\u00fdja stj\u00f3rn. English:This spring a new board was elected for H\u00e1sk\u00f3lak\u00f3rinn, the new board consists of five members of H\u00e1sk\u00f3lak\u00f3rinn that &hellip; <\/p>\n<p class=\"link-more\"><a href=\"https:\/\/kor.hi.is\/?p=1064\" class=\"more-link\">Lesa \u00e1fram<span class=\"screen-reader-text\"> &#8222;N\u00fd stj\u00f3rn H\u00e1sk\u00f3lak\u00f3rsins! \/\/ The new board&#8220;<\/span><\/a><\/p>\n","protected":false},"author":84,"featured_media":0,"comment_status":"open","ping_status":"closed","sticky":false,"template":"","format":"standard","meta":{"footnotes":""},"categories":[1],"tags":[],"class_list":["post-1064","post","type-post","status-publish","format-standard","hentry","category-frettir"],"_links":{"self":[{"href":"https:\/\/kor.hi.is\/index.php?rest_route=\/wp\/v2\/posts\/1064","targetHints":{"allow":["GET"]}}],"collection":[{"href":"https:\/\/kor.hi.is\/index.php?rest_route=\/wp\/v2\/posts"}],"about":[{"href":"https:\/\/kor.hi.is\/index.php?rest_route=\/wp\/v2\/types\/post"}],"author":[{"embeddable":true,"href":"https:\/\/kor.hi.is\/index.php?rest_route=\/wp\/v2\/users\/84"}],"replies":[{"embeddable":true,"href":"https:\/\/kor.hi.is\/index.php?rest_route=%2Fwp%2Fv2%2Fcomments&post=1064"}],"version-history":[{"count":3,"href":"https:\/\/kor.hi.is\/index.php?rest_route=\/wp\/v2\/posts\/1064\/revisions"}],"predecessor-version":[{"id":1388,"href":"https:\/\/kor.hi.is\/index.php?rest_route=\/wp\/v2\/posts\/1064\/revisions\/1388"}],"wp:attachment":[{"href":"https:\/\/kor.hi.is\/index.php?rest_route=%2Fwp%2Fv2%2Fmedia&parent=1064"}],"wp:term":[{"taxonomy":"category","embeddable":true,"href":"https:\/\/kor.hi.is\/index.php?rest_route=%2Fwp%2Fv2%2Fcategories&post=1064"},{"taxonomy":"post_tag","embeddable":true,"href":"https:\/\/kor.hi.is\/index.php?rest_route=%2Fwp%2Fv2%2Ftags&post=1064"}],"curies":[{"name":"wp","href":"https:\/\/api.w.org\/{rel}","templated":true}]}}